{"id":28466,"date":"2025-05-20T23:28:11","date_gmt":"2025-05-20T23:28:11","guid":{"rendered":"https:\/\/radiocresatelital.com\/?p=28466"},"modified":"2025-05-20T23:28:11","modified_gmt":"2025-05-20T23:28:11","slug":"ecuador-domino-la-vii-copa-internacional-mitad-del-mundo-de-ecuestre","status":"publish","type":"post","link":"https:\/\/radiocresatelital.com\/?p=28466","title":{"rendered":"Ecuador domin\u00f3 la VII Copa Internacional Mitad del Mundo de Ecuestre"},"content":{"rendered":"<p>Quito.- Del 13 al 18 de mayo se desarroll\u00f3 la VII Copa Internacional Mitad del Mundo, un evento avalado por la Federaci\u00f3n Ecuatoriana de Deportes Ecuestres (FEDE) y la Federaci\u00f3n Internacional de Deportes Ecuestres (FEI), que reuni\u00f3 a jinetes nacionales e internacionales en diferentes categor\u00edas de salto. En total, participaron 151 binomios provenientes de ocho pa\u00edses: Uruguay (9), El Salvador (8), Costa Rica (8), Colombia (6), Chile (6), Panam\u00e1 (4), Per\u00fa (4), Italia (1) y Ecuador.<\/p>\n<p>El evento sirvi\u00f3 como espacio de observaci\u00f3n para la planificaci\u00f3n t\u00e9cnica de los equipos nacionales que representar\u00e1n al pa\u00eds en las pr\u00f3ximas competencias del ciclo ol\u00edmpico. Con un dise\u00f1o t\u00e9cnico a cargo de Andy Christiansen y la validaci\u00f3n de la FEI, el evento cumpli\u00f3 con los est\u00e1ndares internacionales requeridos para la formaci\u00f3n y evaluaci\u00f3n de los binomios ecuatorianos y extranjeros.<\/p>\n<p>Seg\u00fan Ver\u00f3nica Zambrano, gerente general de la FEDE, este certamen cumple una funci\u00f3n formativa y de preparaci\u00f3n:<\/p>\n<p>\u201cLa Federaci\u00f3n lleva siete ediciones de este evento. El dise\u00f1ador es tres estrellas enviado por la Federaci\u00f3n Internacional, y todos los jueces y el steward tambi\u00e9n est\u00e1n avalados. El nivel es alto porque est\u00e1 respaldado por la FEI\u201d<\/p>\n<p>Zambrano explic\u00f3 que la finalidad principal es preparar a los deportistas desde etapas tempranas:<\/p>\n<p>\u201cTratamos de iniciar con el semillero, por eso hicimos este evento que busca educar a estos chicos, para que en el futuro representen al pa\u00eds en Juegos Bolivarianos, Sudamericanos, Panamericanos y Ol\u00edmpicos. La Federaci\u00f3n invierte en estos concursos internacionales para que cuando lleguen a competencias oficiales, ya est\u00e9n preparados y sepan qu\u00e9 esperar.\u201d<\/p>\n<p>Desde la perspectiva deportiva, el jinete Mart\u00edn Camacho, quien obtuvo el primer lugar en la prueba principal del concurso (CSI 1*, altura 1.40) junto a su binomio Action Lupi, se\u00f1al\u00f3:<\/p>\n<p>\u201cNo siempre tenemos la posibilidad de tener un evento de este nivel. Como jinetes, poder participar en un concurso internacional en el pa\u00eds es importante. A lo largo del evento se ha mostrado el crecimiento del deporte en Ecuador. Este es el inicio del ciclo ol\u00edmpico y estamos empezando a organizar el posible equipo para los Juegos Bolivarianos.\u201d<\/p>\n<p>Camacho tambi\u00e9n subray\u00f3 el componente t\u00e9cnico de la competencia:<\/p>\n<p>\u201cEn nuestra categor\u00eda, el concurso es de nivel una estrella. Eso implica ciertas complicaciones t\u00e9cnicas que van sumando a nuestra formaci\u00f3n.\u201d<\/p>\n<p><strong>Resultados:<\/strong><\/p>\n<p><strong>CSN Open Final 1 \u2013 Altura 1.10 (Jump Off)<br \/>\n<\/strong>1.\u00ba ECU Kamil Bola\u00f1os (M,a) \u2013 The Boss<br \/>\n2.\u00ba CRC Paulina Carmiol \u2013 Ruanda<br \/>\n3.\u00ba URU Alina Bonilla Olivera \u2013 Cooper Jarina<\/p>\n<p><strong>CSN Preinfantil Final \u2013 Altura 0.90<br \/>\n<\/strong>1.\u00ba ECU Adela Calisto (p.i) \u2013 Zaruman<br \/>\n2.\u00ba ECU Julian Abedrabbo (pi) \u2013 Grama Convenchy<br \/>\n3.\u00ba ECU Mariadela Corral (pi) \u2013 Qualita<\/p>\n<p><strong>CSICh-B Infantil Final A \u2013 Altura 1.10<br \/>\n<\/strong>1.\u00ba ECU Iv\u00e1n Christiansen Andrade (ib) \u2013 Ivich Orion<br \/>\n2.\u00ba ECU Ana Mar\u00eda Tobar (ia) \u2013 Alpha Chanel<br \/>\n3.\u00ba URU Fernanda Izetta \u2013 Chicuela<\/p>\n<p><strong>CSI 1* \u2013 Altura 1.40<br \/>\n<\/strong>1.\u00ba ECU Mart\u00edn Camacho D\u00e1valos (prof A) \u2013 Action Lupi<br \/>\n2.\u00ba ECU Mart\u00edn Andrade De La Torre (u25) \u2013 Topaze Z<br \/>\n3.\u00ba ECU Fionna Hug De Lucia (pi) \u2013 Pile Ou Face Z<\/p>\n","protected":false},"excerpt":{"rendered":"<p>Quito.- Del 13 al 18 de mayo se desarroll\u00f3 la VII Copa Internacional Mitad del Mundo, un evento avalado por la Federaci\u00f3n Ecuatoriana de Deportes Ecuestres (FEDE) y la Federaci\u00f3n Internacional de Deportes Ecuestres (FEI), que reuni\u00f3 a jinetes nacionales e internacionales en diferentes categor\u00edas de salto. En total, participaron 151 binomios provenientes de ocho [&hellip;]<\/p>\n","protected":false},"author":2,"featured_media":28467,"comment_status":"open","ping_status":"closed","sticky":false,"template":"","format":"standard","meta":{"_jetpack_memberships_contains_paid_content":false,"footnotes":""},"categories":[9],"tags":[4075,4497],"class_list":["post-28466","post","type-post","status-publish","format-standard","has-post-thumbnail","hentry","category-deportes","tag-federacion-ecuatoriana-de-deportes-ecuestres","tag-vii-copa-internacional-mitad-del-mundo"],"jetpack_featured_media_url":"https:\/\/radiocresatelital.com\/wp-content\/uploads\/2025\/05\/54530543125_758f22c5c7_k-1.jpg","jetpack_sharing_enabled":true,"_links":{"self":[{"href":"https:\/\/radiocresatelital.com\/index.php?rest_route=\/wp\/v2\/posts\/28466","targetHints":{"allow":["GET"]}}],"collection":[{"href":"https:\/\/radiocresatelital.com\/index.php?rest_route=\/wp\/v2\/posts"}],"about":[{"href":"https:\/\/radiocresatelital.com\/index.php?rest_route=\/wp\/v2\/types\/post"}],"author":[{"embeddable":true,"href":"https:\/\/radiocresatelital.com\/index.php?rest_route=\/wp\/v2\/users\/2"}],"replies":[{"embeddable":true,"href":"https:\/\/radiocresatelital.com\/index.php?rest_route=%2Fwp%2Fv2%2Fcomments&post=28466"}],"version-history":[{"count":1,"href":"https:\/\/radiocresatelital.com\/index.php?rest_route=\/wp\/v2\/posts\/28466\/revisions"}],"predecessor-version":[{"id":28468,"href":"https:\/\/radiocresatelital.com\/index.php?rest_route=\/wp\/v2\/posts\/28466\/revisions\/28468"}],"wp:featuredmedia":[{"embeddable":true,"href":"https:\/\/radiocresatelital.com\/index.php?rest_route=\/wp\/v2\/media\/28467"}],"wp:attachment":[{"href":"https:\/\/radiocresatelital.com\/index.php?rest_route=%2Fwp%2Fv2%2Fmedia&parent=28466"}],"wp:term":[{"taxonomy":"category","embeddable":true,"href":"https:\/\/radiocresatelital.com\/index.php?rest_route=%2Fwp%2Fv2%2Fcategories&post=28466"},{"taxonomy":"post_tag","embeddable":true,"href":"https:\/\/radiocresatelital.com\/index.php?rest_route=%2Fwp%2Fv2%2Ftags&post=28466"}],"curies":[{"name":"wp","href":"https:\/\/api.w.org\/{rel}","templated":true}]}}