{"id":28429,"date":"2025-05-20T19:02:59","date_gmt":"2025-05-20T19:02:59","guid":{"rendered":"https:\/\/radiocresatelital.com\/?p=28429"},"modified":"2025-05-20T19:02:59","modified_gmt":"2025-05-20T19:02:59","slug":"isaac-del-toro-sigue-de-lider-en-el-giro-de-italia","status":"publish","type":"post","link":"https:\/\/radiocresatelital.com\/?p=28429","title":{"rendered":"Isaac Del Toro sigue de l\u00edder en el Giro de Italia"},"content":{"rendered":"<p>Roma.- El ciclista mexicano Isaac Del Toro ha conservado la primera posici\u00f3n del Giro de Italia en la edici\u00f3n 108, luego de la d\u00e9cima etapa conquistada por el neerland\u00e9s Daan Hole.<\/p>\n<p>Del Toro, pedalista de 21 a\u00f1os del equipo UAE Team Emirates-XRG, se mantiene en el primer puesto de la cita pese a haber finalizado a 2&#8217;20\u00bb de Hole (Lidl Trek), que gan\u00f3 el tramo del d\u00eda con un tiempo de 32&#8217;30\u00bb.<\/p>\n<p>\u00abNo me he ca\u00eddo ni he corrido ning\u00fan riesgo as\u00ed que ha sido un buen d\u00eda.\u00a0El equipo est\u00e1 muy bien situado en la clasificaci\u00f3n, pero nuestros managers decidir\u00e1n qu\u00e9 estrategias adoptar de aqu\u00ed al final del Giro\u00bb, afirm\u00f3 Del Toro.<\/p>\n<p>\u00abEstoy dispuesto a todo, tanto para defender la camiseta rosa como para ayudar a mis compa\u00f1eros. Estoy contento, pero lo m\u00e1s dif\u00edcil no es despertarme de rosa, sino irme a la cama y poder dormirme: es realmente un sue\u00f1o incre\u00edble\u00bb, asegur\u00f3 el mexicano.<\/p>\n<p>Pese a haber completado el recorrido del d\u00eda en Pisa bajo una lluvia torrencial, Del Toro se mantiene en el primer puesto de la clasificaci\u00f3n general, ahora con un acumulado de 34 horas, 11 minutos y 37 segundos, con el que aventaja por 25&#8243; al espa\u00f1ol Juan Ayuso (UAE Team) y por 1&#8217;01\u00bb al italiano Antonio Tiberi (Bahrein Victorious).<\/p>\n<p>M\u00e1s atr\u00e1s aparece el brit\u00e1nico Simon Yates (Visma Lease a Bike), pues figura cuarto a 1&#8217;03\u00bb de Del Toro, mientras que el esloveno Primoz Roglic (Red Bull-Bora) marcha quinto a 1&#8217;18\u00bb del mexicano.<\/p>\n<p>En tanto, en el noveno lugar, a 2&#8217;10 de Del Toro, aparece el ecuatoriano Richard Carapaz (EF Education), de 31 a\u00f1os y ganador de la medalla de oro en la prueba en ruta de los Juegos Ol\u00edmpicos de Tokio 2020 que intenta repetir su victoria de la edici\u00f3n 2019 del Giro de Italia.<\/p>\n<p>\u00abSab\u00edamos que hoy podr\u00eda llover, pero no revis\u00e9 mucho la aplicaci\u00f3n del tiempo antes de salir. Aun as\u00ed, demostr\u00e9 ser el m\u00e1s r\u00e1pido en seco y estaba en posici\u00f3n de ganar\u00bb, declar\u00f3 a su vez Hoole, que celebr\u00f3 su primer triunfo como profesional.<\/p>\n<p>El neerland\u00e9s, de 26 a\u00f1os, antecedi\u00f3 por 7&#8243; al brit\u00e1nico Joshua Tarling (Ineos Grenadiers), cuyo compatriota Ethan Hayter (Soudal-QuickStep) complet\u00f3 el podio a 10&#8243; de Hoole en la contrarreloj de 28,6 kil\u00f3metros entre Lucca y Pisa.<\/p>\n<p>\u00abEs incre\u00edble, no lo puedo creer. Una victoria en el Giro es algo especial, quiero agradecer a tanta gente. Me sent\u00ed bien y aspiraba a esta etapa, pero nunca pens\u00e9 que lo lograr\u00eda. Los favoritos corrieron bajo la lluvia, lo que cambi\u00f3 muchas cosas, pero estoy contento de haberle ganado a Tarling con justicia\u00bb, remarc\u00f3 Hoole.<\/p>\n<p>\u00abGanar aqu\u00ed es un sue\u00f1o, porque Pisa es una ciudad espl\u00e9ndida e Italia es un pa\u00eds maravilloso que adoro\u00bb, complet\u00f3 Hoole, quien explic\u00f3 que marc\u00f3 \u00abla diferencia en la subida\u00bb y luego \u00abmantuvo esa ventaja en el resto de la pista\u00bb.<\/p>\n<p>Por otra parte, el alcalde de San Giuliano Terme (Pisa), Matteo Cecchelli (Partido Democr\u00e1tico), colg\u00f3 una bandera de Palestina en la ventana de su oficina con motivo del paso del Giro de Italia por las calles de su municipio.<\/p>\n<p>El propio Cecchelli difundi\u00f3 su decisi\u00f3n en su cuenta de la red social Facebook, en la que public\u00f3 una fotograf\u00eda de la bandera de Palestina situada en una ventana de su oficina.<\/p>\n<p>\u00abUn gesto simb\u00f3lico, pero necesario, para expresar la cercan\u00eda de nuestro municipio a un pueblo que sufre un genocidio. En este momento en que el mundo nos observa, creo que es justo aprovechar esta visibilidad para transmitir un mensaje claro: alto a la guerra, no m\u00e1s masacres, no m\u00e1s ocupaci\u00f3n, no m\u00e1s violencia. Paz\u00bb, subray\u00f3 Cecchelli.<\/p>\n<p>Tambi\u00e9n algunos simpatizantes ondearon banderas de Palestina cerca de la l\u00ednea de meta de la d\u00e9cima etapa, bajo la Torre Inclinada de Pisa.<\/p>\n<p>En los \u00faltimos d\u00edas se hab\u00edan escrito algunos grafitis a favor de Palestina en el asfalto a lo largo del recorrido de las etapas del Giro de Italia, pero fueron limpiados y tapados antes del inicio de cada tramo.<\/p>\n<p>Tambi\u00e9n la Unione Sindacale di Base (USB) emiti\u00f3 una nota para explicar que trabajadores del sindicato de Pisa desplegaron banderas palestinas del Consejo Nacional de Investigaciones (CNR) durante el paso del Giro de Italia y en las calles de esa ciudad.<\/p>\n<p>La edici\u00f3n n\u00famero 108 del Giro de Italia continuar\u00e1 este mi\u00e9rcoles con la und\u00e9cima etapa, que ofrecer\u00e1 un recorrido de 186 kil\u00f3metros entre Viareggio y Castelnovo ne&#8217; Monti con dos grandes premios de monta\u00f1a.<\/p>\n","protected":false},"excerpt":{"rendered":"<p>Roma.- El ciclista mexicano Isaac Del Toro ha conservado la primera posici\u00f3n del Giro de Italia en la edici\u00f3n 108, luego de la d\u00e9cima etapa conquistada por el neerland\u00e9s Daan Hole. Del Toro, pedalista de 21 a\u00f1os del equipo UAE Team Emirates-XRG, se mantiene en el primer puesto de la cita pese a haber finalizado [&hellip;]<\/p>\n","protected":false},"author":2,"featured_media":28430,"comment_status":"open","ping_status":"closed","sticky":false,"template":"","format":"standard","meta":{"_jetpack_memberships_contains_paid_content":false,"footnotes":""},"categories":[120,9],"tags":[2224,4489],"class_list":["post-28429","post","type-post","status-publish","format-standard","has-post-thumbnail","hentry","category-ciclismo","category-deportes","tag-giro-de-italia","tag-isaac-del-toro"],"jetpack_featured_media_url":"https:\/\/radiocresatelital.com\/wp-content\/uploads\/2025\/05\/PORTADA-NOTA-EC-538-1024x683-1.jpg","jetpack_sharing_enabled":true,"_links":{"self":[{"href":"https:\/\/radiocresatelital.com\/index.php?rest_route=\/wp\/v2\/posts\/28429","targetHints":{"allow":["GET"]}}],"collection":[{"href":"https:\/\/radiocresatelital.com\/index.php?rest_route=\/wp\/v2\/posts"}],"about":[{"href":"https:\/\/radiocresatelital.com\/index.php?rest_route=\/wp\/v2\/types\/post"}],"author":[{"embeddable":true,"href":"https:\/\/radiocresatelital.com\/index.php?rest_route=\/wp\/v2\/users\/2"}],"replies":[{"embeddable":true,"href":"https:\/\/radiocresatelital.com\/index.php?rest_route=%2Fwp%2Fv2%2Fcomments&post=28429"}],"version-history":[{"count":1,"href":"https:\/\/radiocresatelital.com\/index.php?rest_route=\/wp\/v2\/posts\/28429\/revisions"}],"predecessor-version":[{"id":28431,"href":"https:\/\/radiocresatelital.com\/index.php?rest_route=\/wp\/v2\/posts\/28429\/revisions\/28431"}],"wp:featuredmedia":[{"embeddable":true,"href":"https:\/\/radiocresatelital.com\/index.php?rest_route=\/wp\/v2\/media\/28430"}],"wp:attachment":[{"href":"https:\/\/radiocresatelital.com\/index.php?rest_route=%2Fwp%2Fv2%2Fmedia&parent=28429"}],"wp:term":[{"taxonomy":"category","embeddable":true,"href":"https:\/\/radiocresatelital.com\/index.php?rest_route=%2Fwp%2Fv2%2Fcategories&post=28429"},{"taxonomy":"post_tag","embeddable":true,"href":"https:\/\/radiocresatelital.com\/index.php?rest_route=%2Fwp%2Fv2%2Ftags&post=28429"}],"curies":[{"name":"wp","href":"https:\/\/api.w.org\/{rel}","templated":true}]}}