{"id":28372,"date":"2025-05-19T21:05:35","date_gmt":"2025-05-19T21:05:35","guid":{"rendered":"https:\/\/radiocresatelital.com\/?p=28372"},"modified":"2025-05-19T21:05:35","modified_gmt":"2025-05-19T21:05:35","slug":"ecuador-campeon-por-equipos-en-el-panamericano-de-marcha-2025","status":"publish","type":"post","link":"https:\/\/radiocresatelital.com\/?p=28372","title":{"rendered":"Ecuador campe\u00f3n por equipos en el Panamericano de Marcha 2025"},"content":{"rendered":"<p>Guayaquil.- Este s\u00e1bado 17 de mayo, la delegaci\u00f3n tricolor se consagr\u00f3 campeona del Panamericano de Marcha 2025, tras una sobresaliente actuaci\u00f3n colectiva en Anapoima, Cundinamarca. Ecuador super\u00f3 a delegaciones tradicionales como M\u00e9xico, Colombia y Per\u00fa.<\/p>\n<p>El evento reuni\u00f3 a m\u00e1s de 120 atletas de 13 pa\u00edses y fue clave para definir los cupos al Campeonato Mundial de Atletismo de Tokio 2025, que se disputar\u00e1 en septiembre.<\/p>\n<p>Los marchistas ecuatorianos se adjudicaron seis medallas: una de oro, dos de plata y tres de bronce, resultados que les permitieron quedarse con el t\u00edtulo por equipos del certamen organizado por la Asociaci\u00f3n Panamericana de Atletismo (APA) y que sirvi\u00f3 como clasificatorio oficial al Campeonato Mundial de Atletismo Tokio 2025.<\/p>\n<p>Adem\u00e1s de las preseas, ocho atletas ecuatorianos se ubican dentro del Top-5 de sus respectivas pruebas.<\/p>\n<p>Jordy Jim\u00e9nez fue uno de los deportistas m\u00e1s destacados de la delegaci\u00f3n tricolor al coronarse campe\u00f3n panamericano en los 20 kil\u00f3metros marcha masculina, con un tiempo de 1 hora, 24 minutos y 7 segundos, adjudic\u00e1ndose la \u00fanica medalla de oro para Ecuador en este certamen. En la misma prueba, Sa\u00fal Wamputsrik complet\u00f3 el podio con la medalla de bronce, con un registro de 1h25m10s.<\/p>\n<p>En la categor\u00eda femenina de los 35 kil\u00f3metros marcha, Johana Ord\u00f3\u00f1ez alcanz\u00f3 la medalla de plata tras marcar un tiempo de 2 horas, 58 minutos y 42 segundos. En la prueba masculina de esa misma distancia, \u00d3scar Pat\u00edn consigui\u00f3 la medalla de bronce con un crono de 2h37m31s, mientras que su compatriota Xavier Mena tambi\u00e9n tuvo una destacada actuaci\u00f3n al ubicarse en el cuarto lugar.<\/p>\n<p>En la categor\u00eda Sub-20, Iv\u00e1n O\u00f1a brill\u00f3 en los 10 kil\u00f3metros marcha varones al llevarse la medalla de plata con un tiempo de 42 minutos y 15 segundos. Sebasti\u00e1n Barrera, tambi\u00e9n en la categor\u00eda Sub-20, se colg\u00f3 la medalla de bronce con una marca de 43m59s.<\/p>\n<p><b>Resultados \u2013 Campeonato Panamericano de Marcha 2025:<\/b><\/p>\n<p><b>20 km varones:<\/b><b><br \/>\n<\/b>1.\u00ba Jordy Jim\u00e9nez \u2013 1:24:07<br \/>\n3.\u00ba Sa\u00fal Wamputsrik \u2013 1:25:10<\/p>\n<p><b>35 km damas:<\/b><b><br \/>\n<\/b>2.\u00ba Johana Ord\u00f3\u00f1ez \u2013 2:58:42<\/p>\n<p><b>35 km varones:<\/b><b><br \/>\n<\/b>3.\u00ba \u00d3scar Patin \u2013 2:37:31<br \/>\n4.\u00ba Xavier Mena \u2013 2:38:42<\/p>\n<p><b>10 km damas Sub-20:<\/b><b><br \/>\n<\/b>4.\u00ba Katherine Barreto \u2013 52:04<\/p>\n<p><b>10 km varones Sub-20:<\/b><b><br \/>\n<\/b>2.\u00ba Iv\u00e1n O\u00f1a \u2013 42:15<br \/>\n3.\u00ba Sebasti\u00e1n Barrera \u2013 43:59<\/p>\n","protected":false},"excerpt":{"rendered":"<p>Guayaquil.- Este s\u00e1bado 17 de mayo, la delegaci\u00f3n tricolor se consagr\u00f3 campeona del Panamericano de Marcha 2025, tras una sobresaliente actuaci\u00f3n colectiva en Anapoima, Cundinamarca. Ecuador super\u00f3 a delegaciones tradicionales como M\u00e9xico, Colombia y Per\u00fa. El evento reuni\u00f3 a m\u00e1s de 120 atletas de 13 pa\u00edses y fue clave para definir los cupos al Campeonato [&hellip;]<\/p>\n","protected":false},"author":2,"featured_media":28373,"comment_status":"open","ping_status":"closed","sticky":false,"template":"","format":"standard","meta":{"_jetpack_memberships_contains_paid_content":false,"footnotes":""},"categories":[9],"tags":[4482,4481],"class_list":["post-28372","post","type-post","status-publish","format-standard","has-post-thumbnail","hentry","category-deportes","tag-campeonato-mundial-de-atletismo-de-tokio-2025","tag-panamericano-de-marcha-2025"],"jetpack_featured_media_url":"https:\/\/radiocresatelital.com\/wp-content\/uploads\/2025\/05\/54525519007_cfba231b04_k.jpg","jetpack_sharing_enabled":true,"_links":{"self":[{"href":"https:\/\/radiocresatelital.com\/index.php?rest_route=\/wp\/v2\/posts\/28372","targetHints":{"allow":["GET"]}}],"collection":[{"href":"https:\/\/radiocresatelital.com\/index.php?rest_route=\/wp\/v2\/posts"}],"about":[{"href":"https:\/\/radiocresatelital.com\/index.php?rest_route=\/wp\/v2\/types\/post"}],"author":[{"embeddable":true,"href":"https:\/\/radiocresatelital.com\/index.php?rest_route=\/wp\/v2\/users\/2"}],"replies":[{"embeddable":true,"href":"https:\/\/radiocresatelital.com\/index.php?rest_route=%2Fwp%2Fv2%2Fcomments&post=28372"}],"version-history":[{"count":1,"href":"https:\/\/radiocresatelital.com\/index.php?rest_route=\/wp\/v2\/posts\/28372\/revisions"}],"predecessor-version":[{"id":28374,"href":"https:\/\/radiocresatelital.com\/index.php?rest_route=\/wp\/v2\/posts\/28372\/revisions\/28374"}],"wp:featuredmedia":[{"embeddable":true,"href":"https:\/\/radiocresatelital.com\/index.php?rest_route=\/wp\/v2\/media\/28373"}],"wp:attachment":[{"href":"https:\/\/radiocresatelital.com\/index.php?rest_route=%2Fwp%2Fv2%2Fmedia&parent=28372"}],"wp:term":[{"taxonomy":"category","embeddable":true,"href":"https:\/\/radiocresatelital.com\/index.php?rest_route=%2Fwp%2Fv2%2Fcategories&post=28372"},{"taxonomy":"post_tag","embeddable":true,"href":"https:\/\/radiocresatelital.com\/index.php?rest_route=%2Fwp%2Fv2%2Ftags&post=28372"}],"curies":[{"name":"wp","href":"https:\/\/api.w.org\/{rel}","templated":true}]}}