{"id":28369,"date":"2025-05-19T21:02:36","date_gmt":"2025-05-19T21:02:36","guid":{"rendered":"https:\/\/radiocresatelital.com\/?p=28369"},"modified":"2025-05-19T21:02:36","modified_gmt":"2025-05-19T21:02:36","slug":"martin-lopez-se-corona-en-hungria-y-suma-su-segundo-titulo-del-2025","status":"publish","type":"post","link":"https:\/\/radiocresatelital.com\/?p=28369","title":{"rendered":"Mart\u00edn L\u00f3pez se corona en Hungr\u00eda y suma su segundo t\u00edtulo del 2025"},"content":{"rendered":"<p>Guayaquil.- El ciclista ecuatoriano Harold Mart\u00edn L\u00f3pez contin\u00faa consolidando el mejor a\u00f1o de su carrera tras proclamarse campe\u00f3n delTour de Hungr\u00eda 2025\u00a0este domingo 18 de mayo. Este t\u00edtulo representa su segundo t\u00edtulo como profesional en Europa., luego de haber ganado semanas atr\u00e1s el Tour de Hellas en Grecia.<\/p>\n<p>Con un tiempo total acumulado de 19 horas, 56 minutos y 53 segundos, L\u00f3pez demostr\u00f3 una actuaci\u00f3n impecable a lo largo de las cinco etapas del Tour de Hungr\u00eda. Fue en la tercera etapa cuando el corredor del Team XDS Astana tom\u00f3 el liderato tras imponerse con autoridad, ventaja que supo mantener hasta la \u00faltima jornada.<\/p>\n<ul>\n<li>Este 2025 es un a\u00f1o hist\u00f3rico para el ciclista de 24 a\u00f1os, quien ya acumula importantes logros:<\/li>\n<li><strong>Tour en Grecia (abril 2025):<\/strong>\u00a0Campe\u00f3n general y ganador de las etapas 2 y 4.<\/li>\n<li><strong>Tour de Turqu\u00eda (abril 2025):<\/strong>\u00a0Segundo lugar en la clasificaci\u00f3n general y ganador de la etapa 6.<\/li>\n<li><strong>Tour de Hungr\u00eda (mayo 2025):<\/strong>\u00a0Campe\u00f3n general y ganador de la etapa 3.<\/li>\n<\/ul>\n<p>El joven ciclista ya est\u00e1 preparando su calendario para el resto de 2025: \u201cDespu\u00e9s volver\u00e9 a casa para prepararme bien para el Tour de Suiza y la Vuelta a Espa\u00f1a, que ser\u00eda mi gran vuelta y mi gran objetivo de la temporada\u201d, afirm\u00f3 L\u00f3pez.<\/p>\n","protected":false},"excerpt":{"rendered":"<p>Guayaquil.- El ciclista ecuatoriano Harold Mart\u00edn L\u00f3pez contin\u00faa consolidando el mejor a\u00f1o de su carrera tras proclamarse campe\u00f3n delTour de Hungr\u00eda 2025\u00a0este domingo 18 de mayo. Este t\u00edtulo representa su segundo t\u00edtulo como profesional en Europa., luego de haber ganado semanas atr\u00e1s el Tour de Hellas en Grecia. Con un tiempo total acumulado de 19 [&hellip;]<\/p>\n","protected":false},"author":2,"featured_media":28370,"comment_status":"open","ping_status":"closed","sticky":false,"template":"","format":"standard","meta":{"_jetpack_memberships_contains_paid_content":false,"footnotes":""},"categories":[120,9],"tags":[4480],"class_list":["post-28369","post","type-post","status-publish","format-standard","has-post-thumbnail","hentry","category-ciclismo","category-deportes","tag-tour-de-hungria-2025"],"jetpack_featured_media_url":"https:\/\/radiocresatelital.com\/wp-content\/uploads\/2025\/05\/large_sprintcyclingagency_9034649_1_2000px_3ebd317a46.jpg","jetpack_sharing_enabled":true,"_links":{"self":[{"href":"https:\/\/radiocresatelital.com\/index.php?rest_route=\/wp\/v2\/posts\/28369","targetHints":{"allow":["GET"]}}],"collection":[{"href":"https:\/\/radiocresatelital.com\/index.php?rest_route=\/wp\/v2\/posts"}],"about":[{"href":"https:\/\/radiocresatelital.com\/index.php?rest_route=\/wp\/v2\/types\/post"}],"author":[{"embeddable":true,"href":"https:\/\/radiocresatelital.com\/index.php?rest_route=\/wp\/v2\/users\/2"}],"replies":[{"embeddable":true,"href":"https:\/\/radiocresatelital.com\/index.php?rest_route=%2Fwp%2Fv2%2Fcomments&post=28369"}],"version-history":[{"count":1,"href":"https:\/\/radiocresatelital.com\/index.php?rest_route=\/wp\/v2\/posts\/28369\/revisions"}],"predecessor-version":[{"id":28371,"href":"https:\/\/radiocresatelital.com\/index.php?rest_route=\/wp\/v2\/posts\/28369\/revisions\/28371"}],"wp:featuredmedia":[{"embeddable":true,"href":"https:\/\/radiocresatelital.com\/index.php?rest_route=\/wp\/v2\/media\/28370"}],"wp:attachment":[{"href":"https:\/\/radiocresatelital.com\/index.php?rest_route=%2Fwp%2Fv2%2Fmedia&parent=28369"}],"wp:term":[{"taxonomy":"category","embeddable":true,"href":"https:\/\/radiocresatelital.com\/index.php?rest_route=%2Fwp%2Fv2%2Fcategories&post=28369"},{"taxonomy":"post_tag","embeddable":true,"href":"https:\/\/radiocresatelital.com\/index.php?rest_route=%2Fwp%2Fv2%2Ftags&post=28369"}],"curies":[{"name":"wp","href":"https:\/\/api.w.org\/{rel}","templated":true}]}}