{"id":28348,"date":"2025-05-18T20:13:54","date_gmt":"2025-05-18T20:13:54","guid":{"rendered":"https:\/\/radiocresatelital.com\/?p=28348"},"modified":"2025-05-18T20:13:54","modified_gmt":"2025-05-18T20:13:54","slug":"copa-davis-andy-andrade-campeon-en-estados-unidos","status":"publish","type":"post","link":"https:\/\/radiocresatelital.com\/?p=28348","title":{"rendered":"Copa Davis Andy Andrade, campe\u00f3n en Estados Unidos"},"content":{"rendered":"<p>Pensacola.- El tenista ecuatoriano Andr\u00e9s Andrade alcanz\u00f3 su primer t\u00edtulo profesional ITF de la temporada 2025, al levantar el trofeo en el ITF M25, Pensacola, Florida (EE. UU.), luego de vencer en la final al estadounidense Alex Rybakov.<\/p>\n<p>Este domingo 18 de mayo, en la final de singles, jugado en el Roger Scott Tennis Center, el tenista nacional que ocupa el ranking 300 ATP, venci\u00f3 por un doble 6-4 a Rybakov (#471).<\/p>\n<p>Andrade, jugador del equipo Copa Davis de Ecuador, en su camino a la final solo enfrent\u00f3 a tenistas estadounidenses. En primera ronda venci\u00f3 a Carson Baker 6-2, 6-2. En segunda ronda a Alex Finkelstein 6-4, 6-4.<\/p>\n<p>En cuartos tuvo que exigirse m\u00e1s y ganar a Corey Craig por 6-7(3), 6-4, 6-4. En semifinales dobleg\u00f3 a Tyler Zink por 6-4, 6-2.<\/p>\n","protected":false},"excerpt":{"rendered":"<p>Pensacola.- El tenista ecuatoriano Andr\u00e9s Andrade alcanz\u00f3 su primer t\u00edtulo profesional ITF de la temporada 2025, al levantar el trofeo en el ITF M25, Pensacola, Florida (EE. UU.), luego de vencer en la final al estadounidense Alex Rybakov. Este domingo 18 de mayo, en la final de singles, jugado en el Roger Scott Tennis Center, [&hellip;]<\/p>\n","protected":false},"author":2,"featured_media":28349,"comment_status":"open","ping_status":"closed","sticky":false,"template":"","format":"standard","meta":{"_jetpack_memberships_contains_paid_content":false,"footnotes":""},"categories":[9,64],"tags":[4478,4476,4477],"class_list":["post-28348","post","type-post","status-publish","format-standard","has-post-thumbnail","hentry","category-deportes","category-tenis","tag-florida","tag-itf-m25","tag-pensacola"],"jetpack_featured_media_url":"https:\/\/radiocresatelital.com\/wp-content\/uploads\/2025\/05\/WhatsApp-Image-2025-05-18-at-15.12.15.jpeg","jetpack_sharing_enabled":true,"_links":{"self":[{"href":"https:\/\/radiocresatelital.com\/index.php?rest_route=\/wp\/v2\/posts\/28348","targetHints":{"allow":["GET"]}}],"collection":[{"href":"https:\/\/radiocresatelital.com\/index.php?rest_route=\/wp\/v2\/posts"}],"about":[{"href":"https:\/\/radiocresatelital.com\/index.php?rest_route=\/wp\/v2\/types\/post"}],"author":[{"embeddable":true,"href":"https:\/\/radiocresatelital.com\/index.php?rest_route=\/wp\/v2\/users\/2"}],"replies":[{"embeddable":true,"href":"https:\/\/radiocresatelital.com\/index.php?rest_route=%2Fwp%2Fv2%2Fcomments&post=28348"}],"version-history":[{"count":1,"href":"https:\/\/radiocresatelital.com\/index.php?rest_route=\/wp\/v2\/posts\/28348\/revisions"}],"predecessor-version":[{"id":28350,"href":"https:\/\/radiocresatelital.com\/index.php?rest_route=\/wp\/v2\/posts\/28348\/revisions\/28350"}],"wp:featuredmedia":[{"embeddable":true,"href":"https:\/\/radiocresatelital.com\/index.php?rest_route=\/wp\/v2\/media\/28349"}],"wp:attachment":[{"href":"https:\/\/radiocresatelital.com\/index.php?rest_route=%2Fwp%2Fv2%2Fmedia&parent=28348"}],"wp:term":[{"taxonomy":"category","embeddable":true,"href":"https:\/\/radiocresatelital.com\/index.php?rest_route=%2Fwp%2Fv2%2Fcategories&post=28348"},{"taxonomy":"post_tag","embeddable":true,"href":"https:\/\/radiocresatelital.com\/index.php?rest_route=%2Fwp%2Fv2%2Ftags&post=28348"}],"curies":[{"name":"wp","href":"https:\/\/api.w.org\/{rel}","templated":true}]}}