{"id":28342,"date":"2025-05-18T15:53:07","date_gmt":"2025-05-18T15:53:07","guid":{"rendered":"https:\/\/radiocresatelital.com\/?p=28342"},"modified":"2025-05-18T15:53:07","modified_gmt":"2025-05-18T15:53:07","slug":"italiana-jasmine-paolini-gana-el-torneo-wta-1000-de-roma","status":"publish","type":"post","link":"https:\/\/radiocresatelital.com\/?p=28342","title":{"rendered":"Italiana Jasmine Paolini gana el torneo WTA 1000 de Roma"},"content":{"rendered":"<p>Roma.- La tenista de origen italiano, Jasmine Paolini ha conquistado la cortona de Campe\u00f3n en el WTA 1000 de Roma siendo la primera tenista italiana en ganar este torneo luego de 40 a\u00f1os de espera y en la segunda de la historia que celebra el t\u00edtulo en la Era Abierto.<\/p>\n<p>Paolini, quinta del ranking femenino, se impuso por 6-4 y 6-2 frente a la estadounidense Coco Gauff,<br \/>\ntercera del escalaf\u00f3n, y se calz\u00f3 la corona que hab\u00eda celebrado Italia por \u00faltima vez con Raffaella Reggi, campeona en 1985, cuando el torneo se disputaba en Taranto.<\/p>\n<p id=\"ob\">\u00abEste es sin dudas el mejor d\u00eda de mi vida\u00bb, resumi\u00f3 la vencedora, que impuso el ritmo en el partido ante una rival que s\u00f3lo pudo sostenerlo por momentos y cometi\u00f3 demasiados errores no forzados, producto quiz\u00e1s de los nervios.<\/p>\n<p>Tercer t\u00edtulo en el circuito para la italiana (segundo en un WTA 1000 tras el que conquist\u00f3 en Dubai el a\u00f1o pasado), que sucede en el trono a la polaca Iga Swiatek y a partir del lunes escalar\u00e1 al cuarto puesto del ranking femenino.<\/p>\n<p>Con esta nueva consagraci\u00f3n, hoy delir\u00f3 el p\u00fablico en el Foro It\u00e1lico, incluido el presidente de la Rep\u00fablica, Sergio Mattarella, quien hizo honor a su condici\u00f3n de \u00abtalism\u00e1n\u00bb para los deportistas locales, a quienes siempre acompa\u00f1a cuando los compromisos se lo permiten.<\/p>\n<p>Hoy, Mattarella resisti\u00f3 bajo la lluvia (como lo hizo en la ceremonia inaugural de los Juegos Ol\u00edmpicos de Par\u00eds) y luego celebr\u00f3 la hist\u00f3rica consagraci\u00f3n de Paolini en la Cancha Central.<\/p>\n<p>Flanqueado por su hija Laura, el presidente recibi\u00f3 una ovaci\u00f3n de los presentes al arribar al estadio, donde lo esperaban el titular de la Federaci\u00f3n Italiana de Tenis y Padel (FITP), Angelo Binaghi, el del Comit\u00e9 Ol\u00edmpico nacional (CONI), Giovanni Malag\u00f3, y el ministro de Deportes, Andrea Abodi.<\/p>\n<p>\u00abMuchas gracias, se\u00f1or Presidente, es un honor para m\u00ed que haya venido a verme y el poder compartir con usted esta alegr\u00eda enorme que siento en este momento\u00bb, coment\u00f3 la flamante campeona, al recordar que hace algunos d\u00edas visit\u00f3 en el Palacio del Quirinal a Mattarella, quien hoy le devolvi\u00f3 la gentileza.<\/p>\n<p>\u00abSergio, Sergio, uno de nosotros\u00bb, core\u00f3 el p\u00fablico al aludir al presidente, que agradeci\u00f3 el gesto, situaci\u00f3n que se repiti\u00f3 luego durante la ceremonia de premiaci\u00f3n en la que Paolini luci\u00f3 su caracter\u00edstica sonrisa mientras se llevaba una mano al coraz\u00f3n.<\/p>\n<p>\u00abLo logr\u00e9\u00bb, grit\u00f3 tras convertir el punto que le asegur\u00f3 la corona, luego de lo cual comenz\u00f3 a saltar en la cancha, salud\u00f3 a su rival y se dirigi\u00f3 hacia al sector de la tribuna que ocupaban sus padres, para despu\u00e9s confesar: \u00abGanar en Roma no estaba siquiera en el mejor de mis sue\u00f1os\u00bb.<\/p>\n<p>\u00abNo puedo creer a\u00fan que sea cierto. Es incre\u00edble tener este trofeo en mis manos. Estoy emocionad\u00edsima\u00bb, agreg\u00f3 antes de agradecer a su familia y a su equipo por el apoyo y al p\u00fablico, que \u00abestuvo especial\u00bb, asegur\u00f3 al recordar que sol\u00eda venir al Foro It\u00e1lico siendo una ni\u00f1a junto con su padre.<\/p>\n<p>Paolini es, adem\u00e1s, la primera finalista \u00abazzurra\u00bb desde que Sara Errani cay\u00f3 en la definici\u00f3n del torneo en 2014 ante la estadounidense Serena Williams, cuatro veces campeona en Roma.<\/p>\n<p>Pero podr\u00eda no ser el \u00fanico t\u00edtulo que le aporte al tenis italiano en un momento m\u00e1gico, pues defender\u00e1 junto con Errani (con quien celebr\u00f3 el oro en Par\u00eds 2024) la corona que lograron en la pasada edici\u00f3n cuando enfrenten el domingo a la belga Elise Mertens y a la rusa Veronika Kudermetova.<\/p>\n<p>\u00abFelicitaciones Jasmine por tu victoria. Eres una gran persona y espero que tambi\u00e9n puedas celebrar ma\u00f1ana\u00bb, le augur\u00f3 la derrotada Gauff, al confesar: \u00abEspero que alg\u00fan d\u00eda yo tambi\u00e9n pueda alzar este trofeo\u00bb.<\/p>\n<p>\u00abEsta ser\u00e1 una jornada inolvidable\u00bb, coment\u00f3 en di\u00e1logo con ANSA Mattarella, a quien Paolini le ofreci\u00f3 el trofeo afirmando: \u00abEsto es para usted\u00bb, tras lo cual recibi\u00f3 como respuesta un \u00abNo, no lo merezco\u00bb, luego de lo cual pos\u00f3 para las fotos de rigor junto con la vencedora.<\/p>\n<p>\u00abFelicitaciones Jasmine por tu extraordinaria victoria en los &#8216;Internazionali&#8217; de Roma. Un hito que pasar\u00e1 a formar parte de la historia del tenis italiano y que genera orgullo en toda la naci\u00f3n\u00bb, coment\u00f3 la presidenta del Consejo de Ministros, Giorgia Meloni, con un mensaje en las redes sociales.<\/p>\n<p>\u00abJasmine Paolini, un orgullo de Toscana\u00bb, afirm\u00f3 el presidente de esa regi\u00f3n, Eugenio Giani, al sumarse a los mensajes de felicitaci\u00f3n a la flamante campeona que es oriunda de la misma y de la que destac\u00f3 \u00abtu eterna sonrisa que nunca se apaga, as\u00ed como tu esp\u00edritu y tu pasi\u00f3n\u00bb.<\/p>\n<p>Ma\u00f1ana, Paolini ir\u00e1 por m\u00e1s junto con Errani en la final del doble femenino, que pondr\u00e1 en marcha la \u00faltima jornada en el Foro It\u00e1lico, que tendr\u00e1 como plato fuerte la que animar\u00e1n por la corona del Masters 1000 el tambi\u00e9n italiano Jannik Sinner, n\u00famero uno del ranking, y el espa\u00f1ol Carlos Alcaraz, tercero del escalaf\u00f3n.<\/p>\n<p>Para ambos ser\u00e1 la primera final en este torneo que marc\u00f3 el regreso del italiano al circuito tras cumplir una sanci\u00f3n de tres meses por su positivo con Clostebol en marzo de 2024 y en el que intentar\u00e1 emular a su compatriota Adriano Panatta, campe\u00f3n en Roma en 1976 al derrotar en la final al argentino Guillermo Vilas.<\/p>\n<p>De cara a la definici\u00f3n, Sinner volvi\u00f3 a entrenarse hoy en la cancha n\u00famero cinco junto con sus entrenadores Darren Cahill y Simone Vagnozzi y en presencia de numeroso p\u00fablico, que palpita con el choque entre los dos m\u00e1ximos exponentes de la nueva generaci\u00f3n del tenis.<\/p>\n","protected":false},"excerpt":{"rendered":"<p>Roma.- La tenista de origen italiano, Jasmine Paolini ha conquistado la cortona de Campe\u00f3n en el WTA 1000 de Roma siendo la primera tenista italiana en ganar este torneo luego de 40 a\u00f1os de espera y en la segunda de la historia que celebra el t\u00edtulo en la Era Abierto. Paolini, quinta del ranking femenino, [&hellip;]<\/p>\n","protected":false},"author":2,"featured_media":28343,"comment_status":"open","ping_status":"closed","sticky":false,"template":"","format":"standard","meta":{"_jetpack_memberships_contains_paid_content":false,"footnotes":""},"categories":[9,64],"tags":[4473],"class_list":["post-28342","post","type-post","status-publish","format-standard","has-post-thumbnail","hentry","category-deportes","category-tenis","tag-italiana-jasmine-paolini"],"jetpack_featured_media_url":"https:\/\/radiocresatelital.com\/wp-content\/uploads\/2025\/05\/jasmine-paolini-wta-de-roma_1-11954229_20250517174608.webp","jetpack_sharing_enabled":true,"_links":{"self":[{"href":"https:\/\/radiocresatelital.com\/index.php?rest_route=\/wp\/v2\/posts\/28342","targetHints":{"allow":["GET"]}}],"collection":[{"href":"https:\/\/radiocresatelital.com\/index.php?rest_route=\/wp\/v2\/posts"}],"about":[{"href":"https:\/\/radiocresatelital.com\/index.php?rest_route=\/wp\/v2\/types\/post"}],"author":[{"embeddable":true,"href":"https:\/\/radiocresatelital.com\/index.php?rest_route=\/wp\/v2\/users\/2"}],"replies":[{"embeddable":true,"href":"https:\/\/radiocresatelital.com\/index.php?rest_route=%2Fwp%2Fv2%2Fcomments&post=28342"}],"version-history":[{"count":1,"href":"https:\/\/radiocresatelital.com\/index.php?rest_route=\/wp\/v2\/posts\/28342\/revisions"}],"predecessor-version":[{"id":28344,"href":"https:\/\/radiocresatelital.com\/index.php?rest_route=\/wp\/v2\/posts\/28342\/revisions\/28344"}],"wp:featuredmedia":[{"embeddable":true,"href":"https:\/\/radiocresatelital.com\/index.php?rest_route=\/wp\/v2\/media\/28343"}],"wp:attachment":[{"href":"https:\/\/radiocresatelital.com\/index.php?rest_route=%2Fwp%2Fv2%2Fmedia&parent=28342"}],"wp:term":[{"taxonomy":"category","embeddable":true,"href":"https:\/\/radiocresatelital.com\/index.php?rest_route=%2Fwp%2Fv2%2Fcategories&post=28342"},{"taxonomy":"post_tag","embeddable":true,"href":"https:\/\/radiocresatelital.com\/index.php?rest_route=%2Fwp%2Fv2%2Ftags&post=28342"}],"curies":[{"name":"wp","href":"https:\/\/api.w.org\/{rel}","templated":true}]}}