{"id":28216,"date":"2025-05-15T21:13:40","date_gmt":"2025-05-15T21:13:40","guid":{"rendered":"https:\/\/radiocresatelital.com\/?p=28216"},"modified":"2025-05-15T21:13:40","modified_gmt":"2025-05-15T21:13:40","slug":"lionel-messi-regresa-a-la-convocatoria-de-seleccion-argentina","status":"publish","type":"post","link":"https:\/\/radiocresatelital.com\/?p=28216","title":{"rendered":"Lionel Messi regresa a la convocatoria de Selecci\u00f3n Argentina"},"content":{"rendered":"<p>Buenos Aires.- El delantero Lionel Messi ser\u00e1 integrante de la Selecci\u00f3n de Argentina por el t\u00e9cnico Lionel Scaloni en la lista preliminar de 28 convocados para los cotejos que jugar\u00e1 en junio contra Chile y Colombia por las fechas 15 y 16 de las Eliminatorias sudamericanas al Mundial 2026 previsto en Estados Unidos, M\u00e9xico y Canad\u00e1.<\/p>\n<p>Argentina, que lidera las Eliminatorias con 31 puntos y ya confirm\u00f3 por anticipado su presencia en la pr\u00f3xima Copa del Mundo, visitar\u00e1 al colista Chile (10) el jueves 5 de junio y cinco d\u00edas despu\u00e9s recibir\u00e1 a Colombia, que marcha en el sexto puesto con 20 unidades.<\/p>\n<p>Messi, de 37 a\u00f1os, volver\u00e1 a integrar el plantel \u00abalbiceleste\u00bb luego de su ausencia por lesi\u00f3n en la victoria por 1-0 como visitante contra Uruguay y en la goleada por 4-1 como local ante Brasil en las fechas 13 y 14 del torneo, respectivamente.<\/p>\n<p>El capit\u00e1n argentino jug\u00f3 todo el partido para Inter Miami durante el empate 3-3 de la v\u00edspera en campo del San Jose Earthquakes por la fecha 18 de la Liga de Estados Unidos (MLS).<\/p>\n<p>El partido entre Argentina y Colombia se jugar\u00e1 apenas cuatro d\u00edas antes del debut de Inter Miami ante el Al-Ahly egipcio por la primera fecha del Grupo A del Mundial de Clubes 2025 previsto del 14 de junio al 13 de julio en Estados Unidos.<\/p>\n<p>Scaloni tambi\u00e9n incluy\u00f3 en la lista que s\u00f3lo incluye a futbolistas que militan en el extranjero a Valent\u00edn Castellanos, delantero de Lazio, y a Nicol\u00e1s Dom\u00ednguez, mediocampista del Nottingham Forest.<\/p>\n<p>Argentina recibir\u00e1 a Venezuela y visitar\u00e1 a Ecuador en partidos previstos en septiembre por las dos fechas finales de las Eliminatorias al Mundial 2026, en el que la \u00abalbiceleste\u00bb buscar\u00e1 revalidar su coronaci\u00f3n en Qatar 2022.<\/p>\n<p>Nominados por Lionel Scaloni:<\/p>\n<p>Arqueros: Emiliano Mart\u00ednez (Aston Villa, Inglaterra), Ger\u00f3nimo Rulli (Olympique de Marsella, Francia) y Walter Ben\u00edtez (PSV Eindhoven, Pa\u00edses Bajos).<\/p>\n<p>Defensores: Nahuel Molina (Atl\u00e9tico de Madrid, Espa\u00f1a), Cristian Romero (Tottenham, Inglaterra), Leonardo Balerdi (Olympique de Marsella, Francia), Juan Foyth (Villarreal, Espa\u00f1a), Nicol\u00e1s Otamendi (Benfica, Portugal), Facundo Medina (Lens, Francia), Nicol\u00e1s Tagliafico (Olympique Lyon, Fracia) y Valent\u00edn Barco (Racing de Estrasburgo, Francia).<\/p>\n<p>Mediocampistas: Leandro Paredes (Roma, Italia), Enzo Fern\u00e1ndez (Chelsea, Inglaterra), Rodrigo De Paul (Atl\u00e9tico Madrid, Espa\u00f1a), Exequiel Palacios (Bayer Leverkusen, Alemania), Nicol\u00e1s Dom\u00ednguez (Nottingham Forest, Inglaterra), Alexis Mac Allister (Liverpool, Inglaterra), Giovani Lo Celso (Betis, Espa\u00f1a), Giuliano Simeone (Atl\u00e9tico Madrid, Espa\u00f1a) y Thiago Almada (Olympique Lyon, Francia).<\/p>\n<p>Delanteros: Alejandro Garnacho (Manchester United, Inglaterra), Nicol\u00e1s Gonz\u00e1lez (Juventus, Italia), Lionel Messi (Inter Miami, EEUU), Nicol\u00e1s Paz (Como, Italia), Juli\u00e1n \u00c1lvarez (Atl\u00e9tico Madrid, Espa\u00f1a), Lautaro Mart\u00ednez (Inter, Italia), Valent\u00edn Castellanos (Lazio Italia) y \u00c1ngel Correa (Atl\u00e9tico Madrid, Espa\u00f1a).<\/p>\n","protected":false},"excerpt":{"rendered":"<p>Buenos Aires.- El delantero Lionel Messi ser\u00e1 integrante de la Selecci\u00f3n de Argentina por el t\u00e9cnico Lionel Scaloni en la lista preliminar de 28 convocados para los cotejos que jugar\u00e1 en junio contra Chile y Colombia por las fechas 15 y 16 de las Eliminatorias sudamericanas al Mundial 2026 previsto en Estados Unidos, M\u00e9xico y [&hellip;]<\/p>\n","protected":false},"author":2,"featured_media":17972,"comment_status":"open","ping_status":"closed","sticky":false,"template":"","format":"standard","meta":{"_jetpack_memberships_contains_paid_content":false,"footnotes":""},"categories":[46],"tags":[320,573],"class_list":["post-28216","post","type-post","status-publish","format-standard","has-post-thumbnail","hentry","category-eliminatorias-sudamericanas","tag-lionel-messi","tag-seleccion-argentina"],"jetpack_featured_media_url":"https:\/\/radiocresatelital.com\/wp-content\/uploads\/2024\/08\/lionelmessi.jpg.webp","jetpack_sharing_enabled":true,"_links":{"self":[{"href":"https:\/\/radiocresatelital.com\/index.php?rest_route=\/wp\/v2\/posts\/28216","targetHints":{"allow":["GET"]}}],"collection":[{"href":"https:\/\/radiocresatelital.com\/index.php?rest_route=\/wp\/v2\/posts"}],"about":[{"href":"https:\/\/radiocresatelital.com\/index.php?rest_route=\/wp\/v2\/types\/post"}],"author":[{"embeddable":true,"href":"https:\/\/radiocresatelital.com\/index.php?rest_route=\/wp\/v2\/users\/2"}],"replies":[{"embeddable":true,"href":"https:\/\/radiocresatelital.com\/index.php?rest_route=%2Fwp%2Fv2%2Fcomments&post=28216"}],"version-history":[{"count":1,"href":"https:\/\/radiocresatelital.com\/index.php?rest_route=\/wp\/v2\/posts\/28216\/revisions"}],"predecessor-version":[{"id":28217,"href":"https:\/\/radiocresatelital.com\/index.php?rest_route=\/wp\/v2\/posts\/28216\/revisions\/28217"}],"wp:featuredmedia":[{"embeddable":true,"href":"https:\/\/radiocresatelital.com\/index.php?rest_route=\/wp\/v2\/media\/17972"}],"wp:attachment":[{"href":"https:\/\/radiocresatelital.com\/index.php?rest_route=%2Fwp%2Fv2%2Fmedia&parent=28216"}],"wp:term":[{"taxonomy":"category","embeddable":true,"href":"https:\/\/radiocresatelital.com\/index.php?rest_route=%2Fwp%2Fv2%2Fcategories&post=28216"},{"taxonomy":"post_tag","embeddable":true,"href":"https:\/\/radiocresatelital.com\/index.php?rest_route=%2Fwp%2Fv2%2Ftags&post=28216"}],"curies":[{"name":"wp","href":"https:\/\/api.w.org\/{rel}","templated":true}]}}