{"id":282,"date":"2023-06-23T21:50:12","date_gmt":"2023-06-23T21:50:12","guid":{"rendered":"https:\/\/radiocresatelital.com\/?p=282"},"modified":"2023-06-23T21:54:27","modified_gmt":"2023-06-23T21:54:27","slug":"cs-emelec-reclama-por-arbitraje-de-rene-marin-ante-dep-cuenca","status":"publish","type":"post","link":"https:\/\/radiocresatelital.com\/?p=282","title":{"rendered":"CS Emelec reclama por arbitraje de Ren\u00e9 Mar\u00edn ante Dep. Cuenca (Carta)"},"content":{"rendered":"<p>Guayaquil.- La dirigencia del CS Emelec ha enviado una carta de protesta por la actuaci\u00f3n del central Ren\u00e9 Mar\u00edn en el partido que el cuadro azul disput\u00f3 en Cuenca ante los morlacos por la fecha 15 de Liga Pro Bet 593.<\/p>\n<p>En la misiva, menciona que el juez central de este partido durante \u00abel minuto 83, omiti\u00f3 de manera inexplicable sancionar un tiro penal a favor del C.S Emelec por una mano claramente intencional en el \u00e1rea del Club Deportivo Cuenca del jugador Bruno Duarte\u00bb.<\/p>\n<p>Esta comunicaci\u00f3n ha sido enviada al Presidente de la FEF, Francisco Egas y de igual manera al Presidente de la Comisi\u00f3n Nacional de Arbitraje, Roger Zambrano.<\/p>\n<p>El texto completo de la carta es la siguiente:<\/p>\n<p>&nbsp;<\/p>\n<p>&nbsp;<\/p>\n<p><img decoding=\"async\" src=\"https:\/\/pbs.twimg.com\/media\/FzVlKzYaQAElN0x?format=png&amp;name=4096x4096\" alt=\"Imagen\" \/><\/p>\n<p><img decoding=\"async\" src=\"https:\/\/pbs.twimg.com\/media\/FzVlKzgaYAELSwB?format=png&amp;name=4096x4096\" alt=\"Imagen\" \/><\/p>\n<p>Por su parte, la Comisi\u00f3n Nacional de Arbitraje le envi\u00f3 el detalle del partido como calificaci\u00f3n del juez Mar\u00edn que tuvo 6.2.<\/p>\n<p><img decoding=\"async\" src=\"https:\/\/pbs.twimg.com\/media\/FzVlRTRaQAA-bv_?format=png&amp;name=4096x4096\" alt=\"Imagen\" \/><\/p>\n","protected":false},"excerpt":{"rendered":"<p>Guayaquil.- La dirigencia del CS Emelec ha enviado una carta de protesta por la actuaci\u00f3n del central Ren\u00e9 Mar\u00edn en el partido que el cuadro azul disput\u00f3 en Cuenca ante los morlacos por la fecha 15 de Liga Pro Bet 593. En la misiva, menciona que el juez central de este partido durante \u00abel minuto [&hellip;]<\/p>\n","protected":false},"author":2,"featured_media":283,"comment_status":"open","ping_status":"closed","sticky":false,"template":"","format":"standard","meta":{"_jetpack_memberships_contains_paid_content":false,"footnotes":""},"categories":[73],"tags":[56,75],"class_list":["post-282","post","type-post","status-publish","format-standard","has-post-thumbnail","hentry","category-liga-pro","tag-emelec","tag-rene-marin"],"jetpack_featured_media_url":"https:\/\/radiocresatelital.com\/wp-content\/uploads\/2023\/06\/rene-marin-dirigira-liga-vs-basc-compressed-611x380-1.jpg","jetpack_sharing_enabled":true,"_links":{"self":[{"href":"https:\/\/radiocresatelital.com\/index.php?rest_route=\/wp\/v2\/posts\/282","targetHints":{"allow":["GET"]}}],"collection":[{"href":"https:\/\/radiocresatelital.com\/index.php?rest_route=\/wp\/v2\/posts"}],"about":[{"href":"https:\/\/radiocresatelital.com\/index.php?rest_route=\/wp\/v2\/types\/post"}],"author":[{"embeddable":true,"href":"https:\/\/radiocresatelital.com\/index.php?rest_route=\/wp\/v2\/users\/2"}],"replies":[{"embeddable":true,"href":"https:\/\/radiocresatelital.com\/index.php?rest_route=%2Fwp%2Fv2%2Fcomments&post=282"}],"version-history":[{"count":4,"href":"https:\/\/radiocresatelital.com\/index.php?rest_route=\/wp\/v2\/posts\/282\/revisions"}],"predecessor-version":[{"id":287,"href":"https:\/\/radiocresatelital.com\/index.php?rest_route=\/wp\/v2\/posts\/282\/revisions\/287"}],"wp:featuredmedia":[{"embeddable":true,"href":"https:\/\/radiocresatelital.com\/index.php?rest_route=\/wp\/v2\/media\/283"}],"wp:attachment":[{"href":"https:\/\/radiocresatelital.com\/index.php?rest_route=%2Fwp%2Fv2%2Fmedia&parent=282"}],"wp:term":[{"taxonomy":"category","embeddable":true,"href":"https:\/\/radiocresatelital.com\/index.php?rest_route=%2Fwp%2Fv2%2Fcategories&post=282"},{"taxonomy":"post_tag","embeddable":true,"href":"https:\/\/radiocresatelital.com\/index.php?rest_route=%2Fwp%2Fv2%2Ftags&post=282"}],"curies":[{"name":"wp","href":"https:\/\/api.w.org\/{rel}","templated":true}]}}