{"id":28059,"date":"2025-05-13T21:40:19","date_gmt":"2025-05-13T21:40:19","guid":{"rendered":"https:\/\/radiocresatelital.com\/?p=28059"},"modified":"2025-05-13T21:40:19","modified_gmt":"2025-05-13T21:40:19","slug":"es-un-desafio-muy-importante-carlo-ancelotti","status":"publish","type":"post","link":"https:\/\/radiocresatelital.com\/?p=28059","title":{"rendered":"\u00abEs un desaf\u00edo muy importante\u00bb, Carlo Ancelotti"},"content":{"rendered":"<p>Madrid.- \u00abEs un desaf\u00edo muy importante\u00bb, fue el comentario de Carlo Ancelotti sobre su arribo a la selecci\u00f3n de Brasil, cuyo presidente Luiz Inacio Lula da Silva lament\u00f3 la baja categor\u00eda de los futbolistas de ese pa\u00eds, el \u00fanico con cinco t\u00edtulos del mundo.<\/p>\n<p>\u00abEl problema con Brasil es que la clase de jugadores no es la misma que la que ten\u00edamos antes.\u00a0Si la comparamos con el pasado, esta generaci\u00f3n es m\u00e1s fr\u00e1gil.\u00a0Basta recordar nuestros ataques de 2002 y 2006 para ver lo lejos que estamos de eso\u00bb, declar\u00f3 Lula.<\/p>\n<p>Los dichos de Lula fueron publicados por medios brasile\u00f1os durante su asistencia al Foro China-CELAC en Pek\u00edn, China, al d\u00eda siguiente del anuncio del arribo de Ancelotti en reemplazo de Dorival J\u00fanior.<\/p>\n<p>Lula, que en el pasado se hab\u00eda manifestado en contra de que un DT extranjero dirija la \u00abcanarinha\u00bb, aclar\u00f3 que no tiene nada en contra de contratar a un entrenador de otro pa\u00eds, pero que Brasil ten\u00eda t\u00e9cnicos capaces de \u00abhacerse cargo\u00bb de la \u00abverdeamarelha\u00bb.<\/p>\n<p>La Confederaci\u00f3n Brasile\u00f1a de F\u00fatbol (CBF) anunci\u00f3 en la v\u00edspera que Ancelotti asumir\u00e1 la conducci\u00f3n de la \u00abcanarinha\u00bb el lunes 26, dos d\u00edas despu\u00e9s del final de la Liga de Espa\u00f1a.<\/p>\n<p>Ancelotti protagonizar\u00e1 su debut en los duelos contra Paraguay y Ecuador, previstos el 5 y el 10 de junio por las fechas 15 y 16 de las Eliminatorias sudamericanas al Mundial 2026, respectivamente.<\/p>\n<p>\u00abDesde el 26 de mayo ser\u00e9 el DT de Brasil y es un desaf\u00edo muy importante\u00bb, declar\u00f3 Ancelotti en la vigilia del duelo que Real Madrid jugar\u00e1 contra Mallorca por la fecha 36 de la Liga.<\/p>\n<p>Ancelotti, de 65 a\u00f1os, se despedir\u00e1 del Real Madrid al t\u00e9rmino de la liga, en la que el equipo \u00abmerengue\u00bb todav\u00eda mantiene una m\u00ednima ilusi\u00f3n de impedir una nueva coronaci\u00f3n del Barcelona, que completar\u00e1 la fecha 36 el jueves 15 en campo del Espanyol.<\/p>\n<p>La prensa de Brasil public\u00f3 que Ancelotti ya habl\u00f3 Neymar para consultarle sobre su estado f\u00edsico luego de su nueva lesi\u00f3n con Santos y que tambi\u00e9n planea el retorno a la \u00abcanarinha\u00bb de Casemiro, a quien dirigi\u00f3 en Real Madrid y recuper\u00f3 su mejor nivel en un Manchester United que jugar\u00e1 la final de la Europa League.<\/p>\n<p>\u00abQuiero concluir bien esta \u00faltima parte de esta fant\u00e1stica aventura aqu\u00ed. Estoy contento. Si no hubiera habido esta rueda de prensa hoy, habr\u00eda sido fant\u00e1stico. No a\u00f1adir\u00e9 nada m\u00e1s por respeto a la afici\u00f3n del Real Madrid: siempre ser\u00e9 fan\u00e1tico de este equipo\u00bb, remarc\u00f3 Ancelotti, que gan\u00f3 15 trofeos en sus dos ciclos en el club espa\u00f1ol.<\/p>\n<p>El anuncio de la CBF se conoci\u00f3 al d\u00eda siguiente de la derrota por 4-3 que Real Madrid sufri\u00f3 contra Barcelona por la fecha 35 de la Liga de Espa\u00f1a, en la que el equipo catal\u00e1n aument\u00f3 a 7 puntos su ventaja sobre el club \u00abmerengue\u00bb cuando restan s\u00f3lo 9 unidades en juego.<\/p>\n<p>Real Madrid ya hab\u00eda perdido la final de la Copa del Rey con Barcelona y fue eliminado por Arsenal en cuartos de final de la Champions League, por lo cual el club \u00abmerengue\u00bb terminar\u00e1 la temporada (salvo un colapso del equipo catal\u00e1n en la Liga) sin trofeos por primera vez en 4 a\u00f1os.<\/p>\n<p>Ancelotti reemplazar\u00e1 a Dorival Junior, despedido el 28 de marzo pasado tras la dolorosa ca\u00edda por 4-1 como visitante contra Argentina por la fecha 14 de las Eliminatorias sudamericanas al Mundial 2026 previsto en Estados Unidos, Canad\u00e1 y M\u00e9xico.<\/p>\n<p>Argentina lidera la tabla con 31 unidades, ocho m\u00e1s que Ecuador, que antecede a Uruguay, a Brasil y a Paraguay, todos con 21 puntos por delante de Colombia (20), que tambi\u00e9n se clasifica directamente al Mundial 2026, y de Venezuela (15), que por ahora deber\u00e1 disputar un repechaje internacional por un boleto al torneo.<\/p>\n<p>Ancelotti ser\u00e1 el cuarto DT extranjero de la \u00abcanarinha\u00bb: el uruguayo Ram\u00f3n Platero la dirigi\u00f3 en 1925, el portugu\u00e9s Joreca form\u00f3 dupla t\u00e9cnica con Fl\u00e1vio Costa en 1944 y el argentino Filpo N\u00fa\u00f1ez dirigi\u00f3 a la \u00abverdeamarelha\u00bb en 1965.<\/p>\n<p>El DT italiano, el \u00fanico con 5 t\u00edtulos de la Champions League, tendr\u00e1 seg\u00fan Globo Esporte un sueldo anual de 10 millones de euros y recibir\u00e1 un bonus de otros 5 millones si Brasil gana el Mundial 2026.<\/p>\n<p>\u00abEn general, me gusta el trabajo de Ancelotti. Creo que es un gran entrenador, pero entre los extranjeros, mi preferencia es Abel Ferreira\u00bb, opin\u00f3 el ex delantero Walter Casagrande.<\/p>\n<p>\u00abLleva 5 a\u00f1os trabajando aqu\u00ed en Brasil, lo gan\u00f3 todo y conoce a los jugadores que juegan en Brasil\u00bb, agreg\u00f3 Casagrande, quien se opone al arribo de Ancelotti y prefiere al DT portugu\u00e9s del Palmeiras.<\/p>\n<p>\u00abAncelotti tiene un a\u00f1o para adaptarse a todo esto. Pero lo importante es que la selecci\u00f3n brasile\u00f1a tiene un gran entrenador para el Mundial\u00bb, complet\u00f3 Casagrande, quien sugiri\u00f3 que Paolo Roberto Falcao acompa\u00f1e al italiano como \u00abfacilitador\u00bb.<\/p>\n<p>A su vez, el propio Falcao celebr\u00f3 el arribo de Ancelotti a la selecci\u00f3n de Brasil, cuyo t\u00edtulo m\u00e1s reciente es la conquista como anfitri\u00f3n de la Copa Am\u00e9rica 2019.<\/p>\n<p>\u00abMe gusta, me alegra que venga. La selecci\u00f3n se beneficiar\u00e1, y \u00e9l tambi\u00e9n. Carlo es un muchacho con una sencillez y humildad poco comunes en un entrenador de su talla\u00bb, destac\u00f3 Falcao sobre Ancelotti en un reportaje con el sitio deportivo brasile\u00f1o Band.<\/p>\n<p>Tambi\u00e9n Filippo Inzaghi, quien gui\u00f3 al Pisa otra vez a la Serie A despu\u00e9s de 34 a\u00f1os, celebr\u00f3 la decisi\u00f3n de la CBF de contratar a Ancelotti, que lo dirigi\u00f3 en Milan.<\/p>\n<p>\u00abEl d\u00eda del ascenso del Pisa, en el autob\u00fas en Bari, con el presidente (Giuseppe) Corrado le\u00edmos el mensaje de Davide y Carlo Ancelotti. Esto hace entender la relaci\u00f3n que tengo con ellos\u00bb, revel\u00f3 Inzaghi en di\u00e1logo con Radio 24.<\/p>\n<p>\u00abMe alegro por \u00e9l. Es la culminaci\u00f3n de una carrera extraordinaria para Carlo. Creo que lo \u00fanico que le faltaba era una gran selecci\u00f3n. \u00bfQu\u00e9 mejor que Brasil? Despu\u00e9s del Milan y Real Madrid, el banco de una gran selecci\u00f3n es la guinda del pastel\u00bb, resalt\u00f3 \u00abPippo\u00bb Inzaghi.<\/p>\n","protected":false},"excerpt":{"rendered":"<p>Madrid.- \u00abEs un desaf\u00edo muy importante\u00bb, fue el comentario de Carlo Ancelotti sobre su arribo a la selecci\u00f3n de Brasil, cuyo presidente Luiz Inacio Lula da Silva lament\u00f3 la baja categor\u00eda de los futbolistas de ese pa\u00eds, el \u00fanico con cinco t\u00edtulos del mundo. \u00abEl problema con Brasil es que la clase de jugadores no [&hellip;]<\/p>\n","protected":false},"author":2,"featured_media":28060,"comment_status":"open","ping_status":"closed","sticky":false,"template":"","format":"standard","meta":{"_jetpack_memberships_contains_paid_content":false,"footnotes":""},"categories":[46],"tags":[215],"class_list":["post-28059","post","type-post","status-publish","format-standard","has-post-thumbnail","hentry","category-eliminatorias-sudamericanas","tag-carlo-ancelotti"],"jetpack_featured_media_url":"https:\/\/radiocresatelital.com\/wp-content\/uploads\/2025\/05\/2025-04-29-carlo-ancelotti-brasilien-onf.jpg","jetpack_sharing_enabled":true,"_links":{"self":[{"href":"https:\/\/radiocresatelital.com\/index.php?rest_route=\/wp\/v2\/posts\/28059","targetHints":{"allow":["GET"]}}],"collection":[{"href":"https:\/\/radiocresatelital.com\/index.php?rest_route=\/wp\/v2\/posts"}],"about":[{"href":"https:\/\/radiocresatelital.com\/index.php?rest_route=\/wp\/v2\/types\/post"}],"author":[{"embeddable":true,"href":"https:\/\/radiocresatelital.com\/index.php?rest_route=\/wp\/v2\/users\/2"}],"replies":[{"embeddable":true,"href":"https:\/\/radiocresatelital.com\/index.php?rest_route=%2Fwp%2Fv2%2Fcomments&post=28059"}],"version-history":[{"count":1,"href":"https:\/\/radiocresatelital.com\/index.php?rest_route=\/wp\/v2\/posts\/28059\/revisions"}],"predecessor-version":[{"id":28061,"href":"https:\/\/radiocresatelital.com\/index.php?rest_route=\/wp\/v2\/posts\/28059\/revisions\/28061"}],"wp:featuredmedia":[{"embeddable":true,"href":"https:\/\/radiocresatelital.com\/index.php?rest_route=\/wp\/v2\/media\/28060"}],"wp:attachment":[{"href":"https:\/\/radiocresatelital.com\/index.php?rest_route=%2Fwp%2Fv2%2Fmedia&parent=28059"}],"wp:term":[{"taxonomy":"category","embeddable":true,"href":"https:\/\/radiocresatelital.com\/index.php?rest_route=%2Fwp%2Fv2%2Fcategories&post=28059"},{"taxonomy":"post_tag","embeddable":true,"href":"https:\/\/radiocresatelital.com\/index.php?rest_route=%2Fwp%2Fv2%2Ftags&post=28059"}],"curies":[{"name":"wp","href":"https:\/\/api.w.org\/{rel}","templated":true}]}}