{"id":27911,"date":"2025-05-09T22:45:06","date_gmt":"2025-05-09T22:45:06","guid":{"rendered":"https:\/\/radiocresatelital.com\/?p=27911"},"modified":"2025-05-09T22:45:06","modified_gmt":"2025-05-09T22:45:06","slug":"gobierno-del-ecuador-y-la-unesco-aunan-esfuerzos-por-el-desarrollo-educativo","status":"publish","type":"post","link":"https:\/\/radiocresatelital.com\/?p=27911","title":{"rendered":"Gobierno del Ecuador y la Unesco a\u00fanan esfuerzos por el desarrollo Educativo"},"content":{"rendered":"<p>Francia. \u2013 La ma\u00f1ana de este viernes 9 de mayo, la Vicepresidenta de la Rep\u00fablica, Cynthia Gellibert, y la ministra de Educaci\u00f3n, Alegr\u00eda Crespo, visitaron la sede de la Organizaci\u00f3n de las Naciones Unidas para la Educaci\u00f3n, la Ciencia y la Cultura (Unesco) en Paris y mantuvieron una reuni\u00f3n de alto nivel con los<br \/>\nrepresentantes de este organismo internacional para establecer alianzas y acuerdos en favor del desarrollo educativo y cultural del Ecuador.<\/p>\n<p>La ministra Alegr\u00eda Crespo dio a conocer que el encuentro con Xing Qu, director general adjunto de la Unesco, fue beneficiosa para el pa\u00eds, en virtud de que se trabaj\u00f3 en potenciales acuerdos en infraestructura escolar, misma que se ha visto afectada por la temporada invernal y por la desatenci\u00f3n de gobiernos anteriores. \u201cEl organismo se ha comprometido a revisar y a darnos el apoyo necesario para que los ni\u00f1os, ni\u00f1as y adolescentes tengan espacios de calidad\u201d, indic\u00f3 Crespo.<\/p>\n<p>Asimismo, la m\u00e1xima autoridad de Educaci\u00f3n expres\u00f3 que para el gobierno del presidente Daniel Noboa Azin reviste fundamental importancia el trabajo en equipo a fin de fortalecer aspectos esenciales como educaci\u00f3n, cultura y ambiente; elementos clave para fomentar la igualdad. \u201cPara nosotros, como Gobierno, es sustancial dar la mejor educaci\u00f3n\u201d, puntualiz\u00f3.<\/p>\n<p>Adem\u00e1s, la vicepresidenta Cynthia Gellibert hizo una evaluaci\u00f3n de la agenda de trabajo cumplida en esta gira internacional con \u00e9xito, por cuanto se han fortalecido las relaciones bilaterales obteniendo logros en materia de seguridad, infraestructura, educaci\u00f3n, biodiversidad e inversiones. \u00abHoy marcamos un hito hist\u00f3rico en las relaciones internacionales. El Ecuador es hoy un referente para la regi\u00f3n\u00bb, precis\u00f3<\/p>\n","protected":false},"excerpt":{"rendered":"<p>Francia. \u2013 La ma\u00f1ana de este viernes 9 de mayo, la Vicepresidenta de la Rep\u00fablica, Cynthia Gellibert, y la ministra de Educaci\u00f3n, Alegr\u00eda Crespo, visitaron la sede de la Organizaci\u00f3n de las Naciones Unidas para la Educaci\u00f3n, la Ciencia y la Cultura (Unesco) en Paris y mantuvieron una reuni\u00f3n de alto nivel con los representantes [&hellip;]<\/p>\n","protected":false},"author":2,"featured_media":27912,"comment_status":"open","ping_status":"closed","sticky":false,"template":"","format":"standard","meta":{"footnotes":""},"categories":[13],"tags":[3763],"class_list":["post-27911","post","type-post","status-publish","format-standard","has-post-thumbnail","hentry","category-noticias-nacionales","tag-organizacion-de-las-naciones-unidas-para-la-educacion"],"_links":{"self":[{"href":"https:\/\/radiocresatelital.com\/index.php?rest_route=\/wp\/v2\/posts\/27911","targetHints":{"allow":["GET"]}}],"collection":[{"href":"https:\/\/radiocresatelital.com\/index.php?rest_route=\/wp\/v2\/posts"}],"about":[{"href":"https:\/\/radiocresatelital.com\/index.php?rest_route=\/wp\/v2\/types\/post"}],"author":[{"embeddable":true,"href":"https:\/\/radiocresatelital.com\/index.php?rest_route=\/wp\/v2\/users\/2"}],"replies":[{"embeddable":true,"href":"https:\/\/radiocresatelital.com\/index.php?rest_route=%2Fwp%2Fv2%2Fcomments&post=27911"}],"version-history":[{"count":1,"href":"https:\/\/radiocresatelital.com\/index.php?rest_route=\/wp\/v2\/posts\/27911\/revisions"}],"predecessor-version":[{"id":27913,"href":"https:\/\/radiocresatelital.com\/index.php?rest_route=\/wp\/v2\/posts\/27911\/revisions\/27913"}],"wp:featuredmedia":[{"embeddable":true,"href":"https:\/\/radiocresatelital.com\/index.php?rest_route=\/wp\/v2\/media\/27912"}],"wp:attachment":[{"href":"https:\/\/radiocresatelital.com\/index.php?rest_route=%2Fwp%2Fv2%2Fmedia&parent=27911"}],"wp:term":[{"taxonomy":"category","embeddable":true,"href":"https:\/\/radiocresatelital.com\/index.php?rest_route=%2Fwp%2Fv2%2Fcategories&post=27911"},{"taxonomy":"post_tag","embeddable":true,"href":"https:\/\/radiocresatelital.com\/index.php?rest_route=%2Fwp%2Fv2%2Ftags&post=27911"}],"curies":[{"name":"wp","href":"https:\/\/api.w.org\/{rel}","templated":true}]}}