{"id":27908,"date":"2025-05-09T22:40:20","date_gmt":"2025-05-09T22:40:20","guid":{"rendered":"https:\/\/radiocresatelital.com\/?p=27908"},"modified":"2025-05-09T22:40:20","modified_gmt":"2025-05-09T22:40:20","slug":"msp-informa-sobre-vacunacion-diferenciada-contra-tosferina-y-fiebre-amarilla-segun-edad-ubicacion-y-riesgo-de-contagio","status":"publish","type":"post","link":"https:\/\/radiocresatelital.com\/?p=27908","title":{"rendered":"MSP informa sobre vacunaci\u00f3n diferenciada contra tosferina y fiebre amarilla seg\u00fan edad, ubicaci\u00f3n y riesgo de contagio"},"content":{"rendered":"<p>Quito.- Ante los casos por tosferina y fiebre amarilla, el Ministerio de Salud P\u00fablica (MSP) comunica a la poblaci\u00f3n el plan de vacunaci\u00f3n y la ampliaci\u00f3n de jornadas dirigidas a grupos de alto riesgo y provincias espec\u00edficas.<\/p>\n<p>Dado que la tosferina es una enfermedad respiratoria m\u00e1s severa para beb\u00e9s y ni\u00f1os peque\u00f1os, se intensifica la vacunaci\u00f3n en centros de salud y mediante brigadas m\u00f3viles en instituciones educativas y Centros de Cuidado Infantil del MIES de Santo Domingo de los Ts\u00e1chilas, Manab\u00ed, Guayaquil y Pichincha, bajo el siguiente esquema:<\/p>\n<p>&#8211; Beb\u00e9s de 2, 3 y 4 meses: Vacuna Pentavalente (difteria, tosferina, t\u00e9tanos, hepatitis B, haemophilus influenzae tipo B).<br \/>\n&#8211; Ni\u00f1os de 18 meses: Refuerzo con DPT (difteria, tosferina, t\u00e9tanos) o Pentavalente.<br \/>\n&#8211; Ni\u00f1as y ni\u00f1os de 5 a\u00f1os hasta 6 a\u00f1os, 11 meses y 29 d\u00edas: Segundo refuerzo con vacuna DPT o Pentavalente.<br \/>\n&#8211; Todos las ni\u00f1as y ni\u00f1os de hasta 7 a\u00f1os deben tener las 5 dosis.<\/p>\n<p>El MSP implementar\u00e1 jornadas especiales de vacunaci\u00f3n contra tosferina para grupos de alto riesgo, es decir para menores de 7 a\u00f1os. La vacunaci\u00f3n del esquema regular se mantiene en los establecimientos de salud.<\/p>\n<p>En centros de salud del MSP a escala nacional (lunes a viernes, 09h00 a 15h00 locales) (14h00 a 20h00 GMT):<\/p>\n<p>\u25cf 12 al 16 de mayo: \u00e9nfasis en ni\u00f1os menores de 2 a\u00f1os.<br \/>\n\u25cf 19 al 22 de mayo: \u00e9nfasis en ni\u00f1os menores de 7 a\u00f1os.<br \/>\nEn centros comerciales de Manab\u00ed, Santo Domingo de los Ts\u00e1chilas, Guayaquil y<br \/>\nQuito (feriados y fines de semana, 10:00 a 18:00).<br \/>\n\u25cf 17 y 18 de mayo: Ni\u00f1os menores de 2 a\u00f1os.<br \/>\n\u25cf 23, 24 y 25 de mayo: Ni\u00f1os menores de 7 a\u00f1os.<\/p>\n<p>Se informar\u00e1 oportunamente los centros comerciales que ser\u00e1n habilitados para las jornadas especiales de vacunaci\u00f3n, en cada una de las provincias priorizadas.<\/p>\n<p>Mientras que, con el objetivo de fortalecer la prevenci\u00f3n y el control de la circulaci\u00f3n de la fiebre amarilla en seis provincias del pa\u00eds: Zamora Chinchipe, Morona Santiago, Pastaza, Napo, Orellana y Sucumb\u00edos, la aplicaci\u00f3n es para:<\/p>\n<p>\u25cf Ni\u00f1os de 12 a 23 meses: Dosis \u00fanica (esquema nacional).<br \/>\n\u25cf Viajeros de 1 a 59 a\u00f1os: Dosis \u00fanica, al menos 10 d\u00edas antes de viajar a pa\u00edses que solicitan el certificado internacional de vacunaci\u00f3n contra fiebre amarilla.<br \/>\n\u25cf Residentes, turistas y comerciantes de 2 a 59 a\u00f1os (sin vacuna): Deben vacunarse al menos 10 d\u00edas antes de ingresar a las provincias amaz\u00f3nicas.<\/p>\n<p>El MSP garantiza el abastecimiento de vacunas del esquema regular a nivel nacional, ac\u00e9rquese al centro de salud m\u00e1s cercano y complete todas las dosis. Adem\u00e1s, exhorta a la ciudadan\u00eda informarse a trav\u00e9s de cuentas oficiales a escala nacional y local.<\/p>\n","protected":false},"excerpt":{"rendered":"<p>Quito.- Ante los casos por tosferina y fiebre amarilla, el Ministerio de Salud P\u00fablica (MSP) comunica a la poblaci\u00f3n el plan de vacunaci\u00f3n y la ampliaci\u00f3n de jornadas dirigidas a grupos de alto riesgo y provincias espec\u00edficas. Dado que la tosferina es una enfermedad respiratoria m\u00e1s severa para beb\u00e9s y ni\u00f1os peque\u00f1os, se intensifica la [&hellip;]<\/p>\n","protected":false},"author":2,"featured_media":27909,"comment_status":"open","ping_status":"closed","sticky":false,"template":"","format":"standard","meta":{"footnotes":""},"categories":[13],"tags":[148],"class_list":["post-27908","post","type-post","status-publish","format-standard","has-post-thumbnail","hentry","category-noticias-nacionales","tag-ministerio-de-salud-publica"],"_links":{"self":[{"href":"https:\/\/radiocresatelital.com\/index.php?rest_route=\/wp\/v2\/posts\/27908","targetHints":{"allow":["GET"]}}],"collection":[{"href":"https:\/\/radiocresatelital.com\/index.php?rest_route=\/wp\/v2\/posts"}],"about":[{"href":"https:\/\/radiocresatelital.com\/index.php?rest_route=\/wp\/v2\/types\/post"}],"author":[{"embeddable":true,"href":"https:\/\/radiocresatelital.com\/index.php?rest_route=\/wp\/v2\/users\/2"}],"replies":[{"embeddable":true,"href":"https:\/\/radiocresatelital.com\/index.php?rest_route=%2Fwp%2Fv2%2Fcomments&post=27908"}],"version-history":[{"count":1,"href":"https:\/\/radiocresatelital.com\/index.php?rest_route=\/wp\/v2\/posts\/27908\/revisions"}],"predecessor-version":[{"id":27910,"href":"https:\/\/radiocresatelital.com\/index.php?rest_route=\/wp\/v2\/posts\/27908\/revisions\/27910"}],"wp:featuredmedia":[{"embeddable":true,"href":"https:\/\/radiocresatelital.com\/index.php?rest_route=\/wp\/v2\/media\/27909"}],"wp:attachment":[{"href":"https:\/\/radiocresatelital.com\/index.php?rest_route=%2Fwp%2Fv2%2Fmedia&parent=27908"}],"wp:term":[{"taxonomy":"category","embeddable":true,"href":"https:\/\/radiocresatelital.com\/index.php?rest_route=%2Fwp%2Fv2%2Fcategories&post=27908"},{"taxonomy":"post_tag","embeddable":true,"href":"https:\/\/radiocresatelital.com\/index.php?rest_route=%2Fwp%2Fv2%2Ftags&post=27908"}],"curies":[{"name":"wp","href":"https:\/\/api.w.org\/{rel}","templated":true}]}}