{"id":27901,"date":"2025-05-09T22:30:02","date_gmt":"2025-05-09T22:30:02","guid":{"rendered":"https:\/\/radiocresatelital.com\/?p=27901"},"modified":"2025-05-09T22:30:02","modified_gmt":"2025-05-09T22:30:02","slug":"la-junta-de-beneficiencia-de-guayaquil-renueva-su-confianza-en-juan-xavier-cordovez-como-director-general-para-el-periodo-2025-2027","status":"publish","type":"post","link":"https:\/\/radiocresatelital.com\/?p=27901","title":{"rendered":"La Junta de Beneficiencia de Guayaquil renueva su confianza en Juan Xavier Cordov\u00e9z como Director General para el per\u00edodo 2025\u20132027"},"content":{"rendered":"<p>Guayaquil.- En la Junta General celebrada el pasado abril, la Junta de Beneficencia de Guayaquil (JBG) ratific\u00f3 de manera un\u00e1nime a Juan Xavier Cordovez como director general de la instituci\u00f3n para el per\u00edodo 2025\u20132027.<\/p>\n<p>Tambi\u00e9n fueron confirmados en sus cargos Iv\u00e1n Baquerizo y Jos\u00e9 Enrique Ribas como primer y segundo directores, respectivamente. Roberto Dunn continuar\u00e1 liderando la Direcci\u00f3n Ejecutiva, y Mar\u00eda Alejandra Mu\u00f1oz, ex vicepresidenta de la Rep\u00fablica, se mantendr\u00e1 como Comisionada para la Inversi\u00f3n Social, rol clave en el fortalecimiento y expansi\u00f3n de la obra social de la JBG.<\/p>\n<p><strong>Liderazgo que transforma<br \/>\n<\/strong>La reelecci\u00f3n de Cordovez responde a una gesti\u00f3n marcada por resultados concretos y compromiso sostenido. Desde su nombramiento en 2020, su liderazgo ha sido fundamental para afrontar la crisis sanitaria del COVID-19 y proyectar a la JBG como un referente en atenci\u00f3n hospitalaria y acci\u00f3n social en el pa\u00eds. En 2024, la instituci\u00f3n increment\u00f3 su presupuesto en un 43% respecto al a\u00f1o anterior, logrando ampliar su cobertura a 222 cantones y beneficiando a m\u00e1s de 2 millones de ecuatorianos- un 25% m\u00e1s que en 2023.<\/p>\n<p><strong>Inversi\u00f3n social con impacto<br \/>\n<\/strong>En el \u00e1rea de salud, la inversi\u00f3n social creci\u00f3 un 71%, permitiendo fortalecer la red hospitalaria y expandir el alcance del programa de copago social, con un aumento del 112% en atenciones m\u00e9dicas. Adem\u00e1s, las cirug\u00edas gratuitas pasaron de 1.000 en 2020 a m\u00e1s de 12.000 en 2024, multiplicando por 12 su capacidad de respuesta quir\u00fargica.<\/p>\n<p><strong>Innovaci\u00f3n y sostenibilidad institucional<\/strong><\/p>\n<p>En este per\u00edodo, la JBG ha consolidado su proceso de transformaci\u00f3n tecnol\u00f3gica, mejorando la eficiencia operativa y asegurando un crecimiento sostenible. Tambi\u00e9n se fortaleci\u00f3 la gobernanza institucional, se modernizaron infraestructuras clave y se establecieron nuevas alianzas estrat\u00e9gicas a nivel internacional.<\/p>\n<p><strong>Un modelo de gesti\u00f3n centrado en las personas<\/strong><\/p>\n<p>Bajo la conducci\u00f3n de Mar\u00eda Alejandra Mu\u00f1oz, la Comisionada para la Inversi\u00f3n Social, se ha intensificado el enfoque en proyectos de inclusi\u00f3n, nutrici\u00f3n y atenci\u00f3n a grupos en situaci\u00f3n de vulnerabilidad. Solo en 2024, m\u00e1s de 10.000 personas se beneficiaron de programas contra la desnutrici\u00f3n cr\u00f3nica infantil, en nuevas comunidades del pa\u00eds.<\/p>\n<p>Con m\u00e1s de 5.000 colaboradores comprometidos, la Junta de Beneficencia de Guayaquil se consolida como la organizaci\u00f3n l\u00edder en acci\u00f3n social en Ecuador. Su visi\u00f3n para el futuro es clara: seguir ampliando su alcance en los ocho sectores donde interviene &#8211; salud, educaci\u00f3n, inclusi\u00f3n, deporte, entre otros\u2014 y continuar transformando vidas con un enfoque humano, eficiente y sostenible.<\/p>\n","protected":false},"excerpt":{"rendered":"<p>Guayaquil.- En la Junta General celebrada el pasado abril, la Junta de Beneficencia de Guayaquil (JBG) ratific\u00f3 de manera un\u00e1nime a Juan Xavier Cordovez como director general de la instituci\u00f3n para el per\u00edodo 2025\u20132027. Tambi\u00e9n fueron confirmados en sus cargos Iv\u00e1n Baquerizo y Jos\u00e9 Enrique Ribas como primer y segundo directores, respectivamente. Roberto Dunn continuar\u00e1 [&hellip;]<\/p>\n","protected":false},"author":2,"featured_media":27902,"comment_status":"open","ping_status":"closed","sticky":false,"template":"","format":"standard","meta":{"_jetpack_memberships_contains_paid_content":false,"footnotes":""},"categories":[13],"tags":[121],"class_list":["post-27901","post","type-post","status-publish","format-standard","has-post-thumbnail","hentry","category-noticias-nacionales","tag-junta-de-beneficencia-de-guayaquil"],"jetpack_featured_media_url":"https:\/\/radiocresatelital.com\/wp-content\/uploads\/2025\/05\/WhatsApp-Image-2025-05-09-at-17.22.32.jpeg","jetpack_sharing_enabled":true,"_links":{"self":[{"href":"https:\/\/radiocresatelital.com\/index.php?rest_route=\/wp\/v2\/posts\/27901","targetHints":{"allow":["GET"]}}],"collection":[{"href":"https:\/\/radiocresatelital.com\/index.php?rest_route=\/wp\/v2\/posts"}],"about":[{"href":"https:\/\/radiocresatelital.com\/index.php?rest_route=\/wp\/v2\/types\/post"}],"author":[{"embeddable":true,"href":"https:\/\/radiocresatelital.com\/index.php?rest_route=\/wp\/v2\/users\/2"}],"replies":[{"embeddable":true,"href":"https:\/\/radiocresatelital.com\/index.php?rest_route=%2Fwp%2Fv2%2Fcomments&post=27901"}],"version-history":[{"count":1,"href":"https:\/\/radiocresatelital.com\/index.php?rest_route=\/wp\/v2\/posts\/27901\/revisions"}],"predecessor-version":[{"id":27903,"href":"https:\/\/radiocresatelital.com\/index.php?rest_route=\/wp\/v2\/posts\/27901\/revisions\/27903"}],"wp:featuredmedia":[{"embeddable":true,"href":"https:\/\/radiocresatelital.com\/index.php?rest_route=\/wp\/v2\/media\/27902"}],"wp:attachment":[{"href":"https:\/\/radiocresatelital.com\/index.php?rest_route=%2Fwp%2Fv2%2Fmedia&parent=27901"}],"wp:term":[{"taxonomy":"category","embeddable":true,"href":"https:\/\/radiocresatelital.com\/index.php?rest_route=%2Fwp%2Fv2%2Fcategories&post=27901"},{"taxonomy":"post_tag","embeddable":true,"href":"https:\/\/radiocresatelital.com\/index.php?rest_route=%2Fwp%2Fv2%2Ftags&post=27901"}],"curies":[{"name":"wp","href":"https:\/\/api.w.org\/{rel}","templated":true}]}}