{"id":27865,"date":"2025-05-09T21:24:34","date_gmt":"2025-05-09T21:24:34","guid":{"rendered":"https:\/\/radiocresatelital.com\/?p=27865"},"modified":"2025-05-09T21:24:34","modified_gmt":"2025-05-09T21:24:34","slug":"el-club-y-yo-hemos-decidido-que-van-a-ser-los-ultimos-dos-partidos-como-entrenador-xabi-alonso","status":"publish","type":"post","link":"https:\/\/radiocresatelital.com\/?p=27865","title":{"rendered":"El club y yo hemos decidido que van a ser los \u00faltimos dos partidos como entrenador, Xabi Alonso"},"content":{"rendered":"<p>Berl\u00edn.- Xabi Alonso actual t\u00e9cnico del Bayer Leverkusen, ha indicado que dejar\u00e1 el club a final de temporada, con el que gan\u00f3 el doblete local la pasada campa\u00f1a (Bundesliga y Copa de Alemania).<\/p>\n<p>\u00abEl club y yo hemos decidido que van a ser los \u00faltimos dos partidos como entrenador\u00bb, dijo Alonso en la rueda de prensa previa al partido de la 33\u00ba y pen\u00faltima fecha de la Bundesliga, en la que su equipo se medir\u00e1 al Borussia Dortmund.<\/p>\n<p>\u00abHan sido unos fant\u00e1sticos e incre\u00edbles tres a\u00f1os\u00bb, a\u00f1adi\u00f3 el entrenador donostiarra, que se mostr\u00f3 agradecido con el club alem\u00e1n, lugar donde, seg\u00fan dijo, se ha convertido en lo que es.<\/p>\n<p>\u00abTengo que estar agradecido a todos, los aficionados, la gente del equipo, los trabajadores del club, y los jugadores\u00bb, afirm\u00f3 el director t\u00e9cnico espa\u00f1ol, de 43 a\u00f1os.<\/p>\n<p>\u00abPodemos estar orgullosos de lo que hemos logrado\u00bb, subray\u00f3 Alonso sobre los resultados conseguidos en el equipo, que vivi\u00f3 una in\u00e9dita campa\u00f1a de \u00e9xito la pasada temporada, la mejor de la historia del club de Leverkusen gracias al t\u00edtulo de liga y copa.<\/p>\n<p>Alonso, que habl\u00f3 en ingl\u00e9s porque esa lengua le permiti\u00f3 ser m\u00e1s claro y emotivo, precis\u00f3 que la entidad alemana y \u00e9l mismo trataron esta semana la cuesti\u00f3n de su futuro en el club, y apunt\u00f3 que la decisi\u00f3n de terminar en el banquillo del Bayer Leverkusen lleg\u00f3 \u00aben el buen momento\u00bb.<\/p>\n<p>\u00abAhora hay claridad para disfrutar hasta el \u00faltimo momento\u00bb, afirm\u00f3 el t\u00e9cnico espa\u00f1ol, que neg\u00f3 fuera tiempo de hablar sobre su futuro, al que los rumores vinculan desde hace meses con el Real Madrid.<\/p>\n<p>\u00abLa claridad es buena para todos\u00bb, sostuvo Alonso, quien reivindic\u00f3 que ya \u00abno hay tiempo para dudas\u00bb.<\/p>\n<p>\u00abTenemos que disfrutar y jugar lo mejor que podamos el domingo, la despedida, esperemos que con buenas sensaciones\u00bb, apunt\u00f3, al aludir al partido de la Bundesliga que enfrentar\u00e1 como locales a sus pupilos el domingo contra el Borussia Dortmund, quinto de la tabla liguera.<\/p>\n<p>La presente edici\u00f3n de la Bundesliga la gan\u00f3 matem\u00e1ticamente ya el pasado fin de semana el Bayern M\u00fanich, con 76 puntos, ocho m\u00e1s que los que actualmente cuenta el Bayer Leverkusen, segundo clasificado.<\/p>\n<p>El Bayer Leverkusen inform\u00f3 este viernes de que el domingo su estadio, con capacidad para 30.200 espectadores, presentar\u00e1 llenas sus gradas, con 3.000 aficionados del equipo de Dortmund, en uno de los duelos con m\u00e1s inter\u00e9s de una fecha pues ambos equipos est\u00e1n en puestos para disputar la Liga de Campeones.<\/p>\n<p>Los de Dortmund, con 51 puntos, ocupan la quinta posici\u00f3n, por detr\u00e1s del Friburgo, cuarto con 52 puntos y el Fr\u00e1ncfort, tercero de la tabla con 56 unidades.<\/p>\n<p>Antes del duelo del domingo, Alonso dijo afrontar el duelo partido con \u00absentimientos encontrados\u00bb, pero manifest\u00f3 que espera tener una \u00abdespedida apropiada\u00bb.<\/p>\n","protected":false},"excerpt":{"rendered":"<p>Berl\u00edn.- Xabi Alonso actual t\u00e9cnico del Bayer Leverkusen, ha indicado que dejar\u00e1 el club a final de temporada, con el que gan\u00f3 el doblete local la pasada campa\u00f1a (Bundesliga y Copa de Alemania). \u00abEl club y yo hemos decidido que van a ser los \u00faltimos dos partidos como entrenador\u00bb, dijo Alonso en la rueda de [&hellip;]<\/p>\n","protected":false},"author":2,"featured_media":27866,"comment_status":"open","ping_status":"closed","sticky":false,"template":"","format":"standard","meta":{"_jetpack_memberships_contains_paid_content":false,"footnotes":""},"categories":[2216,7],"tags":[983,4396],"class_list":["post-27865","post","type-post","status-publish","format-standard","has-post-thumbnail","hentry","category-ecuatorianos-en-el-exterior-2","category-futbol-internacional","tag-bayer-leverkusen","tag-xabi-alonso"],"jetpack_featured_media_url":"https:\/\/radiocresatelital.com\/wp-content\/uploads\/2025\/05\/xabi-alonso-kMH-U23017192654830UF-1200x840@RC.webp","jetpack_sharing_enabled":true,"_links":{"self":[{"href":"https:\/\/radiocresatelital.com\/index.php?rest_route=\/wp\/v2\/posts\/27865","targetHints":{"allow":["GET"]}}],"collection":[{"href":"https:\/\/radiocresatelital.com\/index.php?rest_route=\/wp\/v2\/posts"}],"about":[{"href":"https:\/\/radiocresatelital.com\/index.php?rest_route=\/wp\/v2\/types\/post"}],"author":[{"embeddable":true,"href":"https:\/\/radiocresatelital.com\/index.php?rest_route=\/wp\/v2\/users\/2"}],"replies":[{"embeddable":true,"href":"https:\/\/radiocresatelital.com\/index.php?rest_route=%2Fwp%2Fv2%2Fcomments&post=27865"}],"version-history":[{"count":1,"href":"https:\/\/radiocresatelital.com\/index.php?rest_route=\/wp\/v2\/posts\/27865\/revisions"}],"predecessor-version":[{"id":27867,"href":"https:\/\/radiocresatelital.com\/index.php?rest_route=\/wp\/v2\/posts\/27865\/revisions\/27867"}],"wp:featuredmedia":[{"embeddable":true,"href":"https:\/\/radiocresatelital.com\/index.php?rest_route=\/wp\/v2\/media\/27866"}],"wp:attachment":[{"href":"https:\/\/radiocresatelital.com\/index.php?rest_route=%2Fwp%2Fv2%2Fmedia&parent=27865"}],"wp:term":[{"taxonomy":"category","embeddable":true,"href":"https:\/\/radiocresatelital.com\/index.php?rest_route=%2Fwp%2Fv2%2Fcategories&post=27865"},{"taxonomy":"post_tag","embeddable":true,"href":"https:\/\/radiocresatelital.com\/index.php?rest_route=%2Fwp%2Fv2%2Ftags&post=27865"}],"curies":[{"name":"wp","href":"https:\/\/api.w.org\/{rel}","templated":true}]}}