{"id":278,"date":"2023-06-23T21:03:29","date_gmt":"2023-06-23T21:03:29","guid":{"rendered":"https:\/\/radiocresatelital.com\/?p=278"},"modified":"2023-06-23T21:03:29","modified_gmt":"2023-06-23T21:03:29","slug":"orense-listo-para-jugar-ante-aucas-en-el-gonzalo-pozo-ripalda-video","status":"publish","type":"post","link":"https:\/\/radiocresatelital.com\/?p=278","title":{"rendered":"Orense listo para jugar ante Aucas en el Gonzalo Pozo Ripalda (Video)"},"content":{"rendered":"<p>Machala.- Orense cierra su primera fase de Liga Pro al enfrentarse a \u00abPap\u00e1\u00bb Aucas por la fecha 15 de Liga Pro Bet 593, desde las 19h00 locales (00h00 GMT).<\/p>\n<p>Uno de sus referentes, el volante Sebasti\u00e1n Assis indic\u00f3 a nuestro compa\u00f1ero Luis Su\u00e1rez que buscar\u00e1n los tres puntos ante el cuadro capitalino<\/p>\n<blockquote class=\"twitter-tweet\" data-width=\"550\" data-dnt=\"true\">\n<p lang=\"es\" dir=\"ltr\">Sebasti\u00e1n Assis, mediocampista de <a href=\"https:\/\/twitter.com\/Orense_SC?ref_src=twsrc%5Etfw\">@Orense_SC<\/a> <a href=\"https:\/\/t.co\/1SJqZ0h1mp\">pic.twitter.com\/1SJqZ0h1mp<\/a><\/p>\n<p>&mdash; Luis Su\u00e1rez (@LuchoSuarez73) <a href=\"https:\/\/twitter.com\/LuchoSuarez73\/status\/1672269613705437184?ref_src=twsrc%5Etfw\">June 23, 2023<\/a><\/p><\/blockquote>\n<p><script async src=\"https:\/\/platform.twitter.com\/widgets.js\" charset=\"utf-8\"><\/script><\/p>\n","protected":false},"excerpt":{"rendered":"<p>Machala.- Orense cierra su primera fase de Liga Pro al enfrentarse a \u00abPap\u00e1\u00bb Aucas por la fecha 15 de Liga Pro Bet 593, desde las 19h00 locales (00h00 GMT). Uno de sus referentes, el volante Sebasti\u00e1n Assis indic\u00f3 a nuestro compa\u00f1ero Luis Su\u00e1rez que buscar\u00e1n los tres puntos ante el cuadro capitalino Sebasti\u00e1n Assis, mediocampista [&hellip;]<\/p>\n","protected":false},"author":2,"featured_media":279,"comment_status":"open","ping_status":"closed","sticky":false,"template":"","format":"standard","meta":{"_jetpack_memberships_contains_paid_content":false,"footnotes":""},"categories":[73],"tags":[74],"class_list":["post-278","post","type-post","status-publish","format-standard","has-post-thumbnail","hentry","category-liga-pro","tag-sebastian-assis"],"jetpack_featured_media_url":"https:\/\/radiocresatelital.com\/wp-content\/uploads\/2023\/06\/Assis-Orense-scaled-1.jpg","jetpack_sharing_enabled":true,"_links":{"self":[{"href":"https:\/\/radiocresatelital.com\/index.php?rest_route=\/wp\/v2\/posts\/278","targetHints":{"allow":["GET"]}}],"collection":[{"href":"https:\/\/radiocresatelital.com\/index.php?rest_route=\/wp\/v2\/posts"}],"about":[{"href":"https:\/\/radiocresatelital.com\/index.php?rest_route=\/wp\/v2\/types\/post"}],"author":[{"embeddable":true,"href":"https:\/\/radiocresatelital.com\/index.php?rest_route=\/wp\/v2\/users\/2"}],"replies":[{"embeddable":true,"href":"https:\/\/radiocresatelital.com\/index.php?rest_route=%2Fwp%2Fv2%2Fcomments&post=278"}],"version-history":[{"count":1,"href":"https:\/\/radiocresatelital.com\/index.php?rest_route=\/wp\/v2\/posts\/278\/revisions"}],"predecessor-version":[{"id":280,"href":"https:\/\/radiocresatelital.com\/index.php?rest_route=\/wp\/v2\/posts\/278\/revisions\/280"}],"wp:featuredmedia":[{"embeddable":true,"href":"https:\/\/radiocresatelital.com\/index.php?rest_route=\/wp\/v2\/media\/279"}],"wp:attachment":[{"href":"https:\/\/radiocresatelital.com\/index.php?rest_route=%2Fwp%2Fv2%2Fmedia&parent=278"}],"wp:term":[{"taxonomy":"category","embeddable":true,"href":"https:\/\/radiocresatelital.com\/index.php?rest_route=%2Fwp%2Fv2%2Fcategories&post=278"},{"taxonomy":"post_tag","embeddable":true,"href":"https:\/\/radiocresatelital.com\/index.php?rest_route=%2Fwp%2Fv2%2Ftags&post=278"}],"curies":[{"name":"wp","href":"https:\/\/api.w.org\/{rel}","templated":true}]}}