{"id":27675,"date":"2025-05-06T22:58:45","date_gmt":"2025-05-06T22:58:45","guid":{"rendered":"https:\/\/radiocresatelital.com\/?p=27675"},"modified":"2025-05-06T22:58:45","modified_gmt":"2025-05-06T22:58:45","slug":"msp-implementa-campana-de-vacunacion-contra-la-tosferina-en-4-provincias-del-pais","status":"publish","type":"post","link":"https:\/\/radiocresatelital.com\/?p=27675","title":{"rendered":"MSP implementa campa\u00f1a de vacunaci\u00f3n contra la tosferina en 4 provincias del pa\u00eds"},"content":{"rendered":"<p>Quito.- La vacuna de la tosferina forma parte del esquema regular de vacunaci\u00f3n en el Ecuador y se aplica hasta los 5 a\u00f1os de edad, sin embargo, por contingencia sanitaria, el Ministerio de Salud P\u00fablica (MSP) ampl\u00eda el rango de inmunizaci\u00f3n de la vacuna hasta los 6 a\u00f1os, 11 meses, 29 d\u00edas. Esta medida aplica a provincias las priorizadas, entre ellas, Guayas, Manab\u00ed, Pichincha y Santo Domingo de los Ts\u00e1chilas, zonas donde se registran casos positivos para tosferina.<\/p>\n<p>Para prevenir esta enfermedad el esquema nacional cuenta con dos biol\u00f3gicos. La vacuna pentavalente que representa una barrera contra la difteria, t\u00e9tanos, tosferina, poliomielitis y Haemophilus influenzae tipo B, misma que se coloca a los 2, 3 y 4 meses (esquema acortado) de edad; asimismo la vacuna DPT<br \/>\n(Difteria, T\u00e9tanos y Tosferina) como refuerzo a los 18 meses y 5 a\u00f1os.<\/p>\n<p>Esta cartera de Estado, en articulaci\u00f3n con el Ministerio de Educaci\u00f3n (MinEduc), inicia la campa\u00f1a de vacunaci\u00f3n en las cuatro provincias mencionadas de acuerdo a un cronograma establecido. Se realizar\u00e1n las coordinaciones respectivas entre direcciones distritales de salud y educaci\u00f3n para intervenir de forma inmediata en establecimientos educativos, por ejemplo, revisi\u00f3n de autorizaciones de padres de familia para inmunizar a los menores y carn\u00e9 de vacunaci\u00f3n al d\u00eda para identificar brechas de la vacuna (no vacunados o esquema incompleto).<\/p>\n<p>Adicionalmente, entre los acuerdos del COE Nacional el pasado viernes 2 de mayo, se ha dispuesto el uso de mascarilla en las unidades educativas de forma obligatoria para personal docente, autoridades y estudiantes.<\/p>\n<p>Se exhorta a los padres de familia que, ante la presencia de sintomatolog\u00eda respiratoria, no env\u00eden a sus hijos(as) a clases como medida de prevenci\u00f3n y acercarse al centro de salud m\u00e1s cercano para recibir atenci\u00f3n m\u00e9dica oportuna.<\/p>\n<p>La unidad educativa se encargar\u00e1 de brindar seguimiento escolar con clases virtuales u otra modalidad para garantizar la continuidad escolar.<\/p>\n<p>El Gobierno Nacional prioriza la salud de la poblaci\u00f3n infantil y seguir\u00e1 ejecutando acciones concretas para precautelar su bienestar integral.<\/p>\n","protected":false},"excerpt":{"rendered":"<p>Quito.- La vacuna de la tosferina forma parte del esquema regular de vacunaci\u00f3n en el Ecuador y se aplica hasta los 5 a\u00f1os de edad, sin embargo, por contingencia sanitaria, el Ministerio de Salud P\u00fablica (MSP) ampl\u00eda el rango de inmunizaci\u00f3n de la vacuna hasta los 6 a\u00f1os, 11 meses, 29 d\u00edas. Esta medida aplica [&hellip;]<\/p>\n","protected":false},"author":2,"featured_media":27676,"comment_status":"open","ping_status":"closed","sticky":false,"template":"","format":"standard","meta":{"_jetpack_memberships_contains_paid_content":false,"footnotes":""},"categories":[13],"tags":[148],"class_list":["post-27675","post","type-post","status-publish","format-standard","has-post-thumbnail","hentry","category-noticias-nacionales","tag-ministerio-de-salud-publica"],"jetpack_featured_media_url":"https:\/\/radiocresatelital.com\/wp-content\/uploads\/2025\/05\/tosferina-quito-1-1024x683-1.jpg","jetpack_sharing_enabled":true,"_links":{"self":[{"href":"https:\/\/radiocresatelital.com\/index.php?rest_route=\/wp\/v2\/posts\/27675","targetHints":{"allow":["GET"]}}],"collection":[{"href":"https:\/\/radiocresatelital.com\/index.php?rest_route=\/wp\/v2\/posts"}],"about":[{"href":"https:\/\/radiocresatelital.com\/index.php?rest_route=\/wp\/v2\/types\/post"}],"author":[{"embeddable":true,"href":"https:\/\/radiocresatelital.com\/index.php?rest_route=\/wp\/v2\/users\/2"}],"replies":[{"embeddable":true,"href":"https:\/\/radiocresatelital.com\/index.php?rest_route=%2Fwp%2Fv2%2Fcomments&post=27675"}],"version-history":[{"count":1,"href":"https:\/\/radiocresatelital.com\/index.php?rest_route=\/wp\/v2\/posts\/27675\/revisions"}],"predecessor-version":[{"id":27677,"href":"https:\/\/radiocresatelital.com\/index.php?rest_route=\/wp\/v2\/posts\/27675\/revisions\/27677"}],"wp:featuredmedia":[{"embeddable":true,"href":"https:\/\/radiocresatelital.com\/index.php?rest_route=\/wp\/v2\/media\/27676"}],"wp:attachment":[{"href":"https:\/\/radiocresatelital.com\/index.php?rest_route=%2Fwp%2Fv2%2Fmedia&parent=27675"}],"wp:term":[{"taxonomy":"category","embeddable":true,"href":"https:\/\/radiocresatelital.com\/index.php?rest_route=%2Fwp%2Fv2%2Fcategories&post=27675"},{"taxonomy":"post_tag","embeddable":true,"href":"https:\/\/radiocresatelital.com\/index.php?rest_route=%2Fwp%2Fv2%2Ftags&post=27675"}],"curies":[{"name":"wp","href":"https:\/\/api.w.org\/{rel}","templated":true}]}}