{"id":27651,"date":"2025-05-06T21:23:54","date_gmt":"2025-05-06T21:23:54","guid":{"rendered":"https:\/\/radiocresatelital.com\/?p=27651"},"modified":"2025-05-06T21:24:16","modified_gmt":"2025-05-06T21:24:16","slug":"la-iv-edicion-del-premio-habitat-ecuador-reconoce-los-mejores-proyectos-de-desarrollo-urbano-sostenible-del-pais","status":"publish","type":"post","link":"https:\/\/radiocresatelital.com\/?p=27651","title":{"rendered":"La IV edici\u00f3n del Premio H\u00e1bitat Ecuador reconoce los mejores proyectos de desarrollo urbano sostenible del pa\u00eds"},"content":{"rendered":"<p>Quito.- El viceministro de Desarrollo Urbano y Vivienda, Jorge Burneo, junto a los dem\u00e1s representantes del Comit\u00e9 del Premio H\u00e1bitat Ecuador, Ministerio de Ambiente, Agua y Transici\u00f3n Ecol\u00f3gica, del Banco de Desarrollo del Ecuador, del Ministerio de Econom\u00eda y Finanzas, entreg\u00f3 sendosreconocimientos a las mejores iniciativas de desarrollo urbano sostenible en el pa\u00eds, en proclamaci\u00f3n de ganadores de la IV edici\u00f3n del Premio H\u00e1bitat Ecuador. Esta edici\u00f3n cont\u00f3 con 44 postulaciones, 33 correspondientes a los Gobiernos Aut\u00f3nomos Descentralizados y 11 de las organizaciones de la sociedad civil.<\/p>\n<p>La convocatoria dirigida a los 221 Gobiernos Aut\u00f3nomos Descentralizados (GAD) del pa\u00eds, dio como resultado, la presentaci\u00f3n de propuestas innovadoras enmarcadas en las categor\u00edas de prefactibilidad con las tem\u00e1ticas: Planificaci\u00f3n territorial del espacio p\u00fablico, Gesti\u00f3n integral de residuos, Agua y saneamiento y Eficiencia energ\u00e9tica. Por primera vez, esta edici\u00f3n incluy\u00f3 una convocatoria abierta a la sociedad civil en la categor\u00eda de Idea de Proyecto, con la tem\u00e1tica: Espacio p\u00fablico local.<\/p>\n<p>En esta convocatoria se galardonaron a cuatro proyectos, seleccionados entre 44 postulaciones recibidas a nivel nacional en las categor\u00edas de Prefactibilidad e Idea de Proyecto. Es importante se\u00f1alar que, la categor\u00eda de Eficiencia Energ\u00e9tica fue declarada desierta, ya que, no se alcanz\u00f3 el puntaje m\u00ednimo establecido.<\/p>\n<p><strong>Los ganadores en la categor\u00eda Prefactibilidad fueron:<\/strong><br \/>\n\u2022 GAD del cant\u00f3n Isabela, con su proyecto denominado \u201cIsabela Eco \u2013 Urbana Movilidad Activa y Rehabilitaci\u00f3n Urbano Tur\u00edstica\u201d, en la tem\u00e1tica: Planificaci\u00f3n territorial.<\/p>\n<p>\u2022 GAD de Yantzaza, con su proyecto: \u201cMejoramiento y ampliaci\u00f3n del relleno sanitario del cant\u00f3 Yantzaza, provincia de Zamora Chinchipe, primera etapa\u201d, en la tem\u00e1tica: Gesti\u00f3n integral de residuos s\u00f3lidos.<\/p>\n<p>\u2022 GAD de Manta, con su proyecto denominado: \u201cFoto 2 o de la fotos\u00edntesis a lo fotovoltaico\u201d, en la tem\u00e1tica: Agua y saneamiento.<\/p>\n<p>Mientras que, el ganador en la categor\u00eda Idea de Proyecto fue la Universidad de Cuenca con su proyecto denominado: \u201cMover &#8211; U &#8211; Transformando la movilidad universitaria\u201d.<\/p>\n<p>Durante el evento el viceministro de Desarrollo Urbano y Vivienda, Jorge Burneo, resalt\u00f3 que, el Premio H\u00e1bitat Ecuador (PHE) no es solo un evento, sino: \u201cUn escenario de encuentro donde confluyen el entusiasmo por el espacio p\u00fablico, la innovaci\u00f3n en sostenibilidad, y la equidad urbana. Cada proyecto postulado refleja un esfuerzo al servicio de sus territorios y un compromiso con el futuro de las familias ecuatorianas\u201d.<\/p>\n<p>Los proyectos ganadores recibir\u00e1n un acompa\u00f1amiento t\u00e9cnico por parte de la Cooperaci\u00f3n Alemana GIZ, quienes brindar\u00e1n apoyo en la implementaci\u00f3n de las propuestas premiadas, con el objetivo de asegurar su \u00e9xito y sostenibilidad a largo plazo.<\/p>\n<p>El acto concluy\u00f3 con un agradecimiento e invitaci\u00f3n por parte del viceministro, Jorge Burneo, a todos los gobiernos locales y organizaciones, a quienes invit\u00f3 a participar en la quinta convocatoria del PHE, reafirmando de esta manera el compromiso del pa\u00eds con un desarrollo urbano m\u00e1s equitativo, sostenible e inclusivo.<\/p>\n<p>El Premio H\u00e1bitat Ecuador se consolida, una vez m\u00e1s, como una plataforma clave para la promoci\u00f3n de la sostenibilidad, la innovaci\u00f3n y la cooperaci\u00f3n en el desarrollo urbano del pa\u00eds.<\/p>\n","protected":false},"excerpt":{"rendered":"<p>Quito.- El viceministro de Desarrollo Urbano y Vivienda, Jorge Burneo, junto a los dem\u00e1s representantes del Comit\u00e9 del Premio H\u00e1bitat Ecuador, Ministerio de Ambiente, Agua y Transici\u00f3n Ecol\u00f3gica, del Banco de Desarrollo del Ecuador, del Ministerio de Econom\u00eda y Finanzas, entreg\u00f3 sendosreconocimientos a las mejores iniciativas de desarrollo urbano sostenible en el pa\u00eds, en proclamaci\u00f3n [&hellip;]<\/p>\n","protected":false},"author":2,"featured_media":27652,"comment_status":"open","ping_status":"closed","sticky":false,"template":"","format":"standard","meta":{"_jetpack_memberships_contains_paid_content":false,"footnotes":""},"categories":[13],"tags":[4100],"class_list":["post-27651","post","type-post","status-publish","format-standard","has-post-thumbnail","hentry","category-noticias-nacionales","tag-viceministro-de-desarrollo-urbano-y-vivienda"],"jetpack_featured_media_url":"https:\/\/radiocresatelital.com\/wp-content\/uploads\/2025\/05\/5-scaled.jpg","jetpack_sharing_enabled":true,"_links":{"self":[{"href":"https:\/\/radiocresatelital.com\/index.php?rest_route=\/wp\/v2\/posts\/27651","targetHints":{"allow":["GET"]}}],"collection":[{"href":"https:\/\/radiocresatelital.com\/index.php?rest_route=\/wp\/v2\/posts"}],"about":[{"href":"https:\/\/radiocresatelital.com\/index.php?rest_route=\/wp\/v2\/types\/post"}],"author":[{"embeddable":true,"href":"https:\/\/radiocresatelital.com\/index.php?rest_route=\/wp\/v2\/users\/2"}],"replies":[{"embeddable":true,"href":"https:\/\/radiocresatelital.com\/index.php?rest_route=%2Fwp%2Fv2%2Fcomments&post=27651"}],"version-history":[{"count":1,"href":"https:\/\/radiocresatelital.com\/index.php?rest_route=\/wp\/v2\/posts\/27651\/revisions"}],"predecessor-version":[{"id":27653,"href":"https:\/\/radiocresatelital.com\/index.php?rest_route=\/wp\/v2\/posts\/27651\/revisions\/27653"}],"wp:featuredmedia":[{"embeddable":true,"href":"https:\/\/radiocresatelital.com\/index.php?rest_route=\/wp\/v2\/media\/27652"}],"wp:attachment":[{"href":"https:\/\/radiocresatelital.com\/index.php?rest_route=%2Fwp%2Fv2%2Fmedia&parent=27651"}],"wp:term":[{"taxonomy":"category","embeddable":true,"href":"https:\/\/radiocresatelital.com\/index.php?rest_route=%2Fwp%2Fv2%2Fcategories&post=27651"},{"taxonomy":"post_tag","embeddable":true,"href":"https:\/\/radiocresatelital.com\/index.php?rest_route=%2Fwp%2Fv2%2Ftags&post=27651"}],"curies":[{"name":"wp","href":"https:\/\/api.w.org\/{rel}","templated":true}]}}