{"id":27648,"date":"2025-05-06T21:19:56","date_gmt":"2025-05-06T21:19:56","guid":{"rendered":"https:\/\/radiocresatelital.com\/?p=27648"},"modified":"2025-05-06T21:19:56","modified_gmt":"2025-05-06T21:19:56","slug":"miduvi-premiara-a-los-ganadores-de-la-iv-edicion-del-premio-habitat-ecuador","status":"publish","type":"post","link":"https:\/\/radiocresatelital.com\/?p=27648","title":{"rendered":"Miduvi premiar\u00e1 a los ganadores de la IV edici\u00f3n del Premio H\u00e1bitat Ecuador"},"content":{"rendered":"<p>Quito. &#8211; El pr\u00f3ximo martes 06 de mayo del presente a\u00f1o, el Ministerio de Desarrollo Urbano y Vivienda (Miduvi) realizar\u00e1 la ceremonia de premiaci\u00f3n de la IV edici\u00f3n del Premio H\u00e1bitat Ecuador, un reconocimiento a las mejores iniciativas de desarrollo urbano sostenible, presentadas por los Gobiernos Aut\u00f3nomos Descentralizados (GAD), del pa\u00eds.<\/p>\n<p>Por primera vez, esta edici\u00f3n incluy\u00f3 una convocatoria abierta a la sociedad civil en la categor\u00eda de Idea de Proyecto, con enfoque en el espacio p\u00fablico local, lo que ampli\u00f3 el alcance y diversidad de las propuestas.<\/p>\n<p>La IV edici\u00f3n del Premio H\u00e1bitat Ecuador se present\u00f3 con las siguientes categor\u00edas:<br \/>\n1.- Prefactibilidad: con las tem\u00e1ticas:<br \/>\na) Agua y saneamiento<br \/>\nb) Eficiencia energ\u00e9tica<br \/>\nc) Gesti\u00f3n integral de residuos<br \/>\nd) Planificaci\u00f3n territorial del espacio p\u00fablico<br \/>\n2.- Idea de proyecto: con la tem\u00e1tica<br \/>\na) Espacio p\u00fablico local<\/p>\n<p><strong>La convocatoria tuvo los siguientes resultados:<\/strong><br \/>\n&#8211; 44 postulaciones<br \/>\n&#8211; 22 finalistas<br \/>\n&#8211; 4 ganadores<\/p>\n<p>El Comit\u00e9 de Selecci\u00f3n del Premio H\u00e1bitat, basado en criterios t\u00e9cnicos de evaluaci\u00f3n, determin\u00f3 tres ganadores en la categor\u00eda de Prefactibilidad y un ganador en la categor\u00eda de Idea de Proyecto, los mismos que ser\u00e1n de conocimiento p\u00fablico el d\u00eda de la proclamaci\u00f3n de resultados.<\/p>\n","protected":false},"excerpt":{"rendered":"<p>Quito. &#8211; El pr\u00f3ximo martes 06 de mayo del presente a\u00f1o, el Ministerio de Desarrollo Urbano y Vivienda (Miduvi) realizar\u00e1 la ceremonia de premiaci\u00f3n de la IV edici\u00f3n del Premio H\u00e1bitat Ecuador, un reconocimiento a las mejores iniciativas de desarrollo urbano sostenible, presentadas por los Gobiernos Aut\u00f3nomos Descentralizados (GAD), del pa\u00eds. Por primera vez, esta [&hellip;]<\/p>\n","protected":false},"author":2,"featured_media":27649,"comment_status":"open","ping_status":"closed","sticky":false,"template":"","format":"standard","meta":{"_jetpack_memberships_contains_paid_content":false,"footnotes":""},"categories":[13],"tags":[2847],"class_list":["post-27648","post","type-post","status-publish","format-standard","has-post-thumbnail","hentry","category-noticias-nacionales","tag-ministerio-de-desarrollo-urbano-y-vivienda"],"jetpack_featured_media_url":"https:\/\/radiocresatelital.com\/wp-content\/uploads\/2025\/05\/premio-habitat-ec-700x391-1.jpg","jetpack_sharing_enabled":true,"_links":{"self":[{"href":"https:\/\/radiocresatelital.com\/index.php?rest_route=\/wp\/v2\/posts\/27648","targetHints":{"allow":["GET"]}}],"collection":[{"href":"https:\/\/radiocresatelital.com\/index.php?rest_route=\/wp\/v2\/posts"}],"about":[{"href":"https:\/\/radiocresatelital.com\/index.php?rest_route=\/wp\/v2\/types\/post"}],"author":[{"embeddable":true,"href":"https:\/\/radiocresatelital.com\/index.php?rest_route=\/wp\/v2\/users\/2"}],"replies":[{"embeddable":true,"href":"https:\/\/radiocresatelital.com\/index.php?rest_route=%2Fwp%2Fv2%2Fcomments&post=27648"}],"version-history":[{"count":1,"href":"https:\/\/radiocresatelital.com\/index.php?rest_route=\/wp\/v2\/posts\/27648\/revisions"}],"predecessor-version":[{"id":27650,"href":"https:\/\/radiocresatelital.com\/index.php?rest_route=\/wp\/v2\/posts\/27648\/revisions\/27650"}],"wp:featuredmedia":[{"embeddable":true,"href":"https:\/\/radiocresatelital.com\/index.php?rest_route=\/wp\/v2\/media\/27649"}],"wp:attachment":[{"href":"https:\/\/radiocresatelital.com\/index.php?rest_route=%2Fwp%2Fv2%2Fmedia&parent=27648"}],"wp:term":[{"taxonomy":"category","embeddable":true,"href":"https:\/\/radiocresatelital.com\/index.php?rest_route=%2Fwp%2Fv2%2Fcategories&post=27648"},{"taxonomy":"post_tag","embeddable":true,"href":"https:\/\/radiocresatelital.com\/index.php?rest_route=%2Fwp%2Fv2%2Ftags&post=27648"}],"curies":[{"name":"wp","href":"https:\/\/api.w.org\/{rel}","templated":true}]}}