{"id":2748,"date":"2023-08-17T03:13:58","date_gmt":"2023-08-17T03:13:58","guid":{"rendered":"https:\/\/radiocresatelital.com\/?p=2748"},"modified":"2023-08-17T03:13:58","modified_gmt":"2023-08-17T03:13:58","slug":"se-desarrollo-seminario-de-la-mujer-en-el-deporte","status":"publish","type":"post","link":"https:\/\/radiocresatelital.com\/?p=2748","title":{"rendered":"Se desarroll\u00f3 Seminario de la Mujer en el Deporte"},"content":{"rendered":"<p>Guayaquil.- La cita fue organizada por la Comisi\u00f3n Mujer y Deporte del Comit\u00e9 Ol\u00edmpico Ecuatoriano y en ella se dieron detalles de los objetivos del Programa de Panam Sports \u201c\u00danete al Camino del Cambio\u201d.<br aria-hidden=\"true\" \/><br aria-hidden=\"true\" \/>Representantes de las Federaciones Ecuatorianas por Deporte, autoridades de Universidades, miembros de las Municipalidades de Guayaquil, Samborond\u00f3n y de la Prefectura del Guayas fueron part\u00edcipes del Seminario Mujer en el Deporte que se desarroll\u00f3 este mi\u00e9rcoles 16 de agosto en Guayaquil.<br aria-hidden=\"true\" \/><br aria-hidden=\"true\" \/>Pero no solo colm\u00f3 la presencia femenina, los hombres fueron parte fundamental de esta charla, impartida por la secretaria general del Comit\u00e9 Ol\u00edmpico de Colombia, Ana Camacho, y la presidenta de la Federaci\u00f3n Ecuatoriana de Squash, Sonia S\u00e1nchez.<br aria-hidden=\"true\" \/><br aria-hidden=\"true\" \/>\u201cLo que yo quise transmitirle a las mujeres y a los presidentes de las federaciones es como entre todos construimos un mejor deporte, como entre hombres y mujeres construimos lo que queremos para nuestros atletas, como las mujeres si se empoderan son capaces de asumir los retos, qu\u00e9 nos falta para ganar m\u00e1s espacio, decir podemos lo vamos a hacer y lo vamos a hacer bien. Creo que es lo que nos falta y los hombres tambi\u00e9n delegando roles a las mujeres\u201d, se\u00f1al\u00f3 Camacho.<br aria-hidden=\"true\" \/><br aria-hidden=\"true\" \/>La dirigente colombiana, que ha cumplido varias facetas en la gobernanza deportiva de ese pa\u00eds tanto como presidente de la Federaci\u00f3n de Pesas de Colombia, subdirectora t\u00e9cnica de Coldeportes y actualmente en el Comit\u00e9 Ol\u00edmpico, cont\u00f3 el duro camino que ha tenido para abrirse espacio entre los hombres, pero a la vez inst\u00f3 a motivarse y prepararse para tomar esos retos.<br aria-hidden=\"true\" \/><br aria-hidden=\"true\" \/>De su lado Sonia S\u00e1nchez hizo \u00e9nfasis en los conocimientos que se entregaron en el Programa \u201c\u00danete al Camino del Cambio\u201d de Panam Sports que se desarroll\u00f3 en Panam\u00e1 en marzo pasado:<br aria-hidden=\"true\" \/><br aria-hidden=\"true\" \/>\u201cPara m\u00ed es muy gratificante compartir experiencias y enriquecer a las dem\u00e1s personas con las ense\u00f1anzas que uno recibe; a que nuestras mujeres ecuatorianas se unan en esta iniciativa como esta es muy importante porque asi vamos culturiz\u00e1ndonos, empoder\u00e1ndonos\u2026 Lo m\u00e1s importante es que nuestros hombres aliados nos sigan apoyando para que las mujeres puedan participar mucho m\u00e1s en el deporte\u2026\u201d, dijo S\u00e1nchez.<br aria-hidden=\"true\" \/><br aria-hidden=\"true\" \/>El presidente del COE Jorge Delgado tambi\u00e9n particip\u00f3 de la charla en busca de fomentar la participaci\u00f3n de la mujer en la gobernanza deportiva nacional: \u201cPara nosotros es un gusto tener a tan distinguidas personas en este seminario, el Comit\u00e9 Ol\u00edmpico Internacional y Panam Sports ha dicho que tienen que integrarse los hombres (a los programas de inclusi\u00f3n femenina), por eso fuimos invitados a Panam\u00e1 para entender la necesidad de integrar esta comisi\u00f3n que es la ilusi\u00f3n de valores ol\u00edmpicos\u201d.<br aria-hidden=\"true\" \/><br aria-hidden=\"true\" \/>En el Seminario adem\u00e1s comparti\u00f3 su experiencia Lorena Arroyo, tercer vocal del Comit\u00e9 Ejecutivo del COE, quien recientemente estuvo al frente de la delegaci\u00f3n ecuatoriana que nos represent\u00f3 en los Juegos Suramericanos de Playa Santa Marta 2023, teniendo uno d ellos mejores resultados de la historia.<br aria-hidden=\"true\" \/><br aria-hidden=\"true\" \/>\u201cLo m\u00e1ximo fue el compartir con los chicos, ver ese trabajo en equipo en que todos est\u00e1bamos en una sola direcci\u00f3n, sali\u00f3 muy bien el evento, se tuvo muy buenos resultados, eso tambi\u00e9n fue porque hab\u00eda mucho compa\u00f1erismo entre todos\u201d, coment\u00f3 Arroyo.<br aria-hidden=\"true\" \/><br aria-hidden=\"true\" \/>Sobre el final la metod\u00f3loga del COE Nadia Dumani present\u00f3 el Programa Atenea\u201925, un Programa del Comit\u00e9 Ol\u00edmpico Ecuatoriano y su Comisi\u00f3n Mujer y Deporte para Formar Mujeres L\u00edderes en el Deporte Ecuatoriano, cuyas capacitaciones arrancar\u00e1n en septiembre.<\/p>\n","protected":false},"excerpt":{"rendered":"<p>Guayaquil.- La cita fue organizada por la Comisi\u00f3n Mujer y Deporte del Comit\u00e9 Ol\u00edmpico Ecuatoriano y en ella se dieron detalles de los objetivos del Programa de Panam Sports \u201c\u00danete al Camino del Cambio\u201d.Representantes de las Federaciones Ecuatorianas por Deporte, autoridades de Universidades, miembros de las Municipalidades de Guayaquil, Samborond\u00f3n y de la Prefectura del [&hellip;]<\/p>\n","protected":false},"author":2,"featured_media":2749,"comment_status":"open","ping_status":"closed","sticky":false,"template":"","format":"standard","meta":{"_jetpack_memberships_contains_paid_content":false,"footnotes":""},"categories":[9],"tags":[564],"class_list":["post-2748","post","type-post","status-publish","format-standard","has-post-thumbnail","hentry","category-deportes","tag-unete-al-camino-del-cambio"],"jetpack_featured_media_url":"https:\/\/radiocresatelital.com\/wp-content\/uploads\/2023\/08\/1e99aa43-6f25-cb4f-37e9-74aa2a9744c2.jpg","jetpack_sharing_enabled":true,"_links":{"self":[{"href":"https:\/\/radiocresatelital.com\/index.php?rest_route=\/wp\/v2\/posts\/2748","targetHints":{"allow":["GET"]}}],"collection":[{"href":"https:\/\/radiocresatelital.com\/index.php?rest_route=\/wp\/v2\/posts"}],"about":[{"href":"https:\/\/radiocresatelital.com\/index.php?rest_route=\/wp\/v2\/types\/post"}],"author":[{"embeddable":true,"href":"https:\/\/radiocresatelital.com\/index.php?rest_route=\/wp\/v2\/users\/2"}],"replies":[{"embeddable":true,"href":"https:\/\/radiocresatelital.com\/index.php?rest_route=%2Fwp%2Fv2%2Fcomments&post=2748"}],"version-history":[{"count":1,"href":"https:\/\/radiocresatelital.com\/index.php?rest_route=\/wp\/v2\/posts\/2748\/revisions"}],"predecessor-version":[{"id":2751,"href":"https:\/\/radiocresatelital.com\/index.php?rest_route=\/wp\/v2\/posts\/2748\/revisions\/2751"}],"wp:featuredmedia":[{"embeddable":true,"href":"https:\/\/radiocresatelital.com\/index.php?rest_route=\/wp\/v2\/media\/2749"}],"wp:attachment":[{"href":"https:\/\/radiocresatelital.com\/index.php?rest_route=%2Fwp%2Fv2%2Fmedia&parent=2748"}],"wp:term":[{"taxonomy":"category","embeddable":true,"href":"https:\/\/radiocresatelital.com\/index.php?rest_route=%2Fwp%2Fv2%2Fcategories&post=2748"},{"taxonomy":"post_tag","embeddable":true,"href":"https:\/\/radiocresatelital.com\/index.php?rest_route=%2Fwp%2Fv2%2Ftags&post=2748"}],"curies":[{"name":"wp","href":"https:\/\/api.w.org\/{rel}","templated":true}]}}