{"id":27439,"date":"2025-05-03T19:39:50","date_gmt":"2025-05-03T19:39:50","guid":{"rendered":"https:\/\/radiocresatelital.com\/?p=27439"},"modified":"2025-05-03T19:39:50","modified_gmt":"2025-05-03T19:39:50","slug":"accion-oportuna-del-eas-urdesa-permitio-la-aprehension-de-seis-sospechosos-tras-asalto-reportado-en-la-madrugada","status":"publish","type":"post","link":"https:\/\/radiocresatelital.com\/?p=27439","title":{"rendered":"Acci\u00f3n oportuna del EAS Urdesa permiti\u00f3 la aprehensi\u00f3n de seis sospechosos tras asalto reportado en la madrugada"},"content":{"rendered":"<p>Guayaquil.- En horas de la madrugada de este s\u00e1bado 03 de mayo, un ciudadano report\u00f3 al personal de la Estaci\u00f3n de Acci\u00f3n Segura (EAS) Urdesa haber sido v\u00edctima de un asalto.<\/p>\n<p>De forma inmediata, se activaron los protocolos y se inici\u00f3 el seguimiento de los presuntos implicados mediante el sistema de videovigilancia de Segura EP. Con esta acci\u00f3n coordinada, se logr\u00f3 ubicar un veh\u00edculo relacionado con el hecho en la intersecci\u00f3n de la avenida Las Monjas y Alfredo Pareja Diezcanseco.<\/p>\n<p>El automotor fue interceptado y se procedi\u00f3 a la aprehensi\u00f3n de seis personas sospechosas. De inmediato, se notific\u00f3 a la Polic\u00eda Nacional, cuyos agentes efectuaron el registro del veh\u00edculo, encontrando varios objetos de dudosa procedencia.<\/p>\n<p>Los sospechosos y el veh\u00edculo fueron trasladados al Cuartel Modelo para continuar con los tr\u00e1mites legales correspondientes. Segura EP y el EAS Urdesa reiteran su compromiso con la seguridad ciudadana y destacan la importancia del trabajo conjunto con la Polic\u00eda Nacional para velar por el orden y la tranquilidad en la ciudad.<\/p>\n","protected":false},"excerpt":{"rendered":"<p>Guayaquil.- En horas de la madrugada de este s\u00e1bado 03 de mayo, un ciudadano report\u00f3 al personal de la Estaci\u00f3n de Acci\u00f3n Segura (EAS) Urdesa haber sido v\u00edctima de un asalto. De forma inmediata, se activaron los protocolos y se inici\u00f3 el seguimiento de los presuntos implicados mediante el sistema de videovigilancia de Segura EP. [&hellip;]<\/p>\n","protected":false},"author":2,"featured_media":27440,"comment_status":"open","ping_status":"closed","sticky":false,"template":"","format":"standard","meta":{"_jetpack_memberships_contains_paid_content":false,"footnotes":""},"categories":[13],"tags":[4343],"class_list":["post-27439","post","type-post","status-publish","format-standard","has-post-thumbnail","hentry","category-noticias-nacionales","tag-estacion-de-accion-segura"],"jetpack_featured_media_url":"https:\/\/radiocresatelital.com\/wp-content\/uploads\/2025\/05\/67bcb9a08a824.jpeg","jetpack_sharing_enabled":true,"_links":{"self":[{"href":"https:\/\/radiocresatelital.com\/index.php?rest_route=\/wp\/v2\/posts\/27439","targetHints":{"allow":["GET"]}}],"collection":[{"href":"https:\/\/radiocresatelital.com\/index.php?rest_route=\/wp\/v2\/posts"}],"about":[{"href":"https:\/\/radiocresatelital.com\/index.php?rest_route=\/wp\/v2\/types\/post"}],"author":[{"embeddable":true,"href":"https:\/\/radiocresatelital.com\/index.php?rest_route=\/wp\/v2\/users\/2"}],"replies":[{"embeddable":true,"href":"https:\/\/radiocresatelital.com\/index.php?rest_route=%2Fwp%2Fv2%2Fcomments&post=27439"}],"version-history":[{"count":1,"href":"https:\/\/radiocresatelital.com\/index.php?rest_route=\/wp\/v2\/posts\/27439\/revisions"}],"predecessor-version":[{"id":27441,"href":"https:\/\/radiocresatelital.com\/index.php?rest_route=\/wp\/v2\/posts\/27439\/revisions\/27441"}],"wp:featuredmedia":[{"embeddable":true,"href":"https:\/\/radiocresatelital.com\/index.php?rest_route=\/wp\/v2\/media\/27440"}],"wp:attachment":[{"href":"https:\/\/radiocresatelital.com\/index.php?rest_route=%2Fwp%2Fv2%2Fmedia&parent=27439"}],"wp:term":[{"taxonomy":"category","embeddable":true,"href":"https:\/\/radiocresatelital.com\/index.php?rest_route=%2Fwp%2Fv2%2Fcategories&post=27439"},{"taxonomy":"post_tag","embeddable":true,"href":"https:\/\/radiocresatelital.com\/index.php?rest_route=%2Fwp%2Fv2%2Ftags&post=27439"}],"curies":[{"name":"wp","href":"https:\/\/api.w.org\/{rel}","templated":true}]}}