{"id":27408,"date":"2025-05-01T21:35:12","date_gmt":"2025-05-01T21:35:12","guid":{"rendered":"https:\/\/radiocresatelital.com\/?p=27408"},"modified":"2025-05-01T21:35:12","modified_gmt":"2025-05-01T21:35:12","slug":"gobierno-nacional-refuerza-el-sector-agricola-en-guayas-tras-el-impacto-del-invierno","status":"publish","type":"post","link":"https:\/\/radiocresatelital.com\/?p=27408","title":{"rendered":"Gobierno Nacional refuerza el sector agr\u00edcola en Guayas tras el impacto del invierno"},"content":{"rendered":"<p>Guayaquil.- En la parroquia Taura, la Gobernadora de Guayas, Zaida Rovira, en coordinaci\u00f3n con la Alcald\u00eda de Naranjal, entreg\u00f3 herramientas y kits agr\u00edcolas a los productores locales. Los insumos distribuidos incluyen 33 sacos de urea para mejorar la fertilidad del suelo, 33 kits de ropa para la protecci\u00f3n de los trabajadores y 70 machetes para el mantenimiento y recuperaci\u00f3n de los cultivos.<\/p>\n<p>La provincia de Guayas atraviesa una de las temporadas invernales m\u00e1s intensas, afectando gravemente al sector agr\u00edcola y provocando p\u00e9rdidas significativas en los sembr\u00edos. Ante esta crisis, el Gobierno Nacional, liderado por el presidente Daniel Noboa, ha desplegado esfuerzos para atender a las comunidades afectadas.<\/p>\n<p>Zaida Rovira, m\u00e1xima representante del Ejecutivo en Guayas, resalt\u00f3: \u00abEstamos visitando cada rinc\u00f3n de la provincia, llevando soluciones integrales y servicios del Estado. Nuestro compromiso es estar presentes en todos los sectores, especialmente en los m\u00e1s afectados.\u00bb<\/p>\n<p>Continuando con la agenda de atenci\u00f3n a las comunidades afectadas, tambi\u00e9n se realiz\u00f3 la entrega de kits de vestimenta en la ciudadela \u201cCombate\u201d.<\/p>\n<p>Esta acci\u00f3n busca brindar apoyo adicional a las familias que han enfrentado dificultades debido a las intensas lluvias, asegurando que cuenten con insumos b\u00e1sicos para su bienestar y seguridad.<\/p>\n<p>La intervenci\u00f3n del Gobierno se ha extendido a zonas donde antes no llegaban autoridades, consolidando un modelo de gesti\u00f3n que prioriza la atenci\u00f3n a los agricultores. Rolando Silva, uno de los beneficiarios, expres\u00f3 su agradecimiento: \u00abGracias a esta ayuda, podemos empezar a recuperar lo perdido. El Gobierno est\u00e1 demostrando que realmente se preocupa por nosotros.\u00bb<\/p>\n<p>Con estas acciones, el Gobierno Nacional reafirma su compromiso con la recuperaci\u00f3n del sector agr\u00edcola y el bienestar de las comunidades afectadas, asegurando un Ecuador m\u00e1s resiliente y preparado ante los desaf\u00edos clim\u00e1ticos.<\/p>\n","protected":false},"excerpt":{"rendered":"<p>Guayaquil.- En la parroquia Taura, la Gobernadora de Guayas, Zaida Rovira, en coordinaci\u00f3n con la Alcald\u00eda de Naranjal, entreg\u00f3 herramientas y kits agr\u00edcolas a los productores locales. Los insumos distribuidos incluyen 33 sacos de urea para mejorar la fertilidad del suelo, 33 kits de ropa para la protecci\u00f3n de los trabajadores y 70 machetes para [&hellip;]<\/p>\n","protected":false},"author":2,"featured_media":27409,"comment_status":"open","ping_status":"closed","sticky":false,"template":"","format":"standard","meta":{"_jetpack_memberships_contains_paid_content":false,"footnotes":""},"categories":[33,13],"tags":[4335,1598],"class_list":["post-27408","post","type-post","status-publish","format-standard","has-post-thumbnail","hentry","category-guayaquil","category-noticias-nacionales","tag-gobernadora-de-guayas","tag-zaida-rovira"],"jetpack_featured_media_url":"https:\/\/radiocresatelital.com\/wp-content\/uploads\/2025\/05\/WhatsApp-Image-2025-05-01-at-14.54.49.jpeg","jetpack_sharing_enabled":true,"_links":{"self":[{"href":"https:\/\/radiocresatelital.com\/index.php?rest_route=\/wp\/v2\/posts\/27408","targetHints":{"allow":["GET"]}}],"collection":[{"href":"https:\/\/radiocresatelital.com\/index.php?rest_route=\/wp\/v2\/posts"}],"about":[{"href":"https:\/\/radiocresatelital.com\/index.php?rest_route=\/wp\/v2\/types\/post"}],"author":[{"embeddable":true,"href":"https:\/\/radiocresatelital.com\/index.php?rest_route=\/wp\/v2\/users\/2"}],"replies":[{"embeddable":true,"href":"https:\/\/radiocresatelital.com\/index.php?rest_route=%2Fwp%2Fv2%2Fcomments&post=27408"}],"version-history":[{"count":1,"href":"https:\/\/radiocresatelital.com\/index.php?rest_route=\/wp\/v2\/posts\/27408\/revisions"}],"predecessor-version":[{"id":27410,"href":"https:\/\/radiocresatelital.com\/index.php?rest_route=\/wp\/v2\/posts\/27408\/revisions\/27410"}],"wp:featuredmedia":[{"embeddable":true,"href":"https:\/\/radiocresatelital.com\/index.php?rest_route=\/wp\/v2\/media\/27409"}],"wp:attachment":[{"href":"https:\/\/radiocresatelital.com\/index.php?rest_route=%2Fwp%2Fv2%2Fmedia&parent=27408"}],"wp:term":[{"taxonomy":"category","embeddable":true,"href":"https:\/\/radiocresatelital.com\/index.php?rest_route=%2Fwp%2Fv2%2Fcategories&post=27408"},{"taxonomy":"post_tag","embeddable":true,"href":"https:\/\/radiocresatelital.com\/index.php?rest_route=%2Fwp%2Fv2%2Ftags&post=27408"}],"curies":[{"name":"wp","href":"https:\/\/api.w.org\/{rel}","templated":true}]}}