{"id":27405,"date":"2025-05-01T21:30:15","date_gmt":"2025-05-01T21:30:15","guid":{"rendered":"https:\/\/radiocresatelital.com\/?p=27405"},"modified":"2025-05-01T21:30:16","modified_gmt":"2025-05-01T21:30:16","slug":"atm-y-segura-ep-desplegaran-mas-de-600-agentes-para-el-retorno-seguro-a-clases","status":"publish","type":"post","link":"https:\/\/radiocresatelital.com\/?p=27405","title":{"rendered":"ATM y Segura EP desplegar\u00e1n m\u00e1s de 600 agentes para el retorno seguro a clases"},"content":{"rendered":"<p>Guayaquil.- La Agencia de Tr\u00e1nsito Municipal (ATM) y Segura EP han organizado una serie de acciones para garantizar el retorno seguro a clases.<\/p>\n<p>Para el lunes 5 de mayo se desplegar\u00e1n 500 agentes de tr\u00e1nsito para el control vehicular y peatonal en el entorno escolar, en los horarios de entrada y salida de estudiantes en zonas de alta afluencia.<\/p>\n<p>Ese contingente se suma a otros frentes que se han encaminado para la seguridad vial. Es as\u00ed que, mediante un trabajo coordinado con la ATM, el gremio del transporte escolar ha adelantado el proceso de la Revisi\u00f3n T\u00e9cnica Vehicular (RTV) correspondiente a 2025.<\/p>\n<p>De un aproximado de 3.000 unidades que conforma el patio automotor de este gremio en Guayaquil, al momento, un total de 1.300 unidades ya han realizado este proceso.<\/p>\n<p>Adem\u00e1s, desde enero de 2025 el \u00e1rea de Sostenibilidad y Seguridad Vial de la ATM ha llevado a cabo capacitaciones en educaci\u00f3n vial a 1.089 conductores, lo que representan al 78% de las operadoras del gremio.<\/p>\n<p>Tambi\u00e9n, desde inicio de a\u00f1o se trabaj\u00f3 en el reforzamiento de la se\u00f1al\u00e9tica vial en los alrededores de centros educativos, con 24 instituciones intervenidas en Guayaquil y 18 m\u00e1s en zonas rurales como Tenguel, El Morro, Cerecita y Progreso.<\/p>\n<p>Desde Segura EP habr\u00e1 monitoreo 24\/7 de c\u00e1maras y atenci\u00f3n de alertas y requerimientos ciudadanos a trav\u00e9s del 181. Desde el centro de operaciones laborar\u00e1n 189 personas entre funcionarios, operadores de video vigilancia y despachadores. En total, 1.345 establecimientos educativos cuentas con monitoreo<br \/>\nen exteriores y alrededores.<\/p>\n<p>Adem\u00e1s, se desplegar\u00e1n 120 agentes de control municipal para control del espacio p\u00fablico, apoyo al tr\u00e1nsito y seguridad en entornos escolares, adem\u00e1s 40 camionetas y 20 motocicletas.<\/p>\n","protected":false},"excerpt":{"rendered":"<p>Guayaquil.- La Agencia de Tr\u00e1nsito Municipal (ATM) y Segura EP han organizado una serie de acciones para garantizar el retorno seguro a clases. Para el lunes 5 de mayo se desplegar\u00e1n 500 agentes de tr\u00e1nsito para el control vehicular y peatonal en el entorno escolar, en los horarios de entrada y salida de estudiantes en [&hellip;]<\/p>\n","protected":false},"author":2,"featured_media":27406,"comment_status":"open","ping_status":"closed","sticky":false,"template":"","format":"standard","meta":{"_jetpack_memberships_contains_paid_content":false,"footnotes":""},"categories":[33,13],"tags":[4334,785],"class_list":["post-27405","post","type-post","status-publish","format-standard","has-post-thumbnail","hentry","category-guayaquil","category-noticias-nacionales","tag-agencia-de-transito-municipal","tag-segura-ep"],"jetpack_featured_media_url":"https:\/\/radiocresatelital.com\/wp-content\/uploads\/2025\/05\/WhatsApp-Image-2025-05-01-at-13.28.53.jpeg","jetpack_sharing_enabled":true,"_links":{"self":[{"href":"https:\/\/radiocresatelital.com\/index.php?rest_route=\/wp\/v2\/posts\/27405","targetHints":{"allow":["GET"]}}],"collection":[{"href":"https:\/\/radiocresatelital.com\/index.php?rest_route=\/wp\/v2\/posts"}],"about":[{"href":"https:\/\/radiocresatelital.com\/index.php?rest_route=\/wp\/v2\/types\/post"}],"author":[{"embeddable":true,"href":"https:\/\/radiocresatelital.com\/index.php?rest_route=\/wp\/v2\/users\/2"}],"replies":[{"embeddable":true,"href":"https:\/\/radiocresatelital.com\/index.php?rest_route=%2Fwp%2Fv2%2Fcomments&post=27405"}],"version-history":[{"count":1,"href":"https:\/\/radiocresatelital.com\/index.php?rest_route=\/wp\/v2\/posts\/27405\/revisions"}],"predecessor-version":[{"id":27407,"href":"https:\/\/radiocresatelital.com\/index.php?rest_route=\/wp\/v2\/posts\/27405\/revisions\/27407"}],"wp:featuredmedia":[{"embeddable":true,"href":"https:\/\/radiocresatelital.com\/index.php?rest_route=\/wp\/v2\/media\/27406"}],"wp:attachment":[{"href":"https:\/\/radiocresatelital.com\/index.php?rest_route=%2Fwp%2Fv2%2Fmedia&parent=27405"}],"wp:term":[{"taxonomy":"category","embeddable":true,"href":"https:\/\/radiocresatelital.com\/index.php?rest_route=%2Fwp%2Fv2%2Fcategories&post=27405"},{"taxonomy":"post_tag","embeddable":true,"href":"https:\/\/radiocresatelital.com\/index.php?rest_route=%2Fwp%2Fv2%2Ftags&post=27405"}],"curies":[{"name":"wp","href":"https:\/\/api.w.org\/{rel}","templated":true}]}}