{"id":27362,"date":"2025-04-30T23:21:33","date_gmt":"2025-04-30T23:21:33","guid":{"rendered":"https:\/\/radiocresatelital.com\/?p=27362"},"modified":"2025-04-30T23:21:33","modified_gmt":"2025-04-30T23:21:33","slug":"policia-nacional-liderara-el-control-de-transito-en-zonas-priorizadas-de-seguridad-de-la-red-vial-estatal","status":"publish","type":"post","link":"https:\/\/radiocresatelital.com\/?p=27362","title":{"rendered":"Polic\u00eda Nacional liderar\u00e1 el control de tr\u00e1nsito en zonas priorizadas de seguridad de la red vial estatal"},"content":{"rendered":"<p>Quito.- El Ministerio de Transporte y Obras P\u00fablicas (MTOP), mediante Acuerdo Nro. MTOP-MTOP-25-19-ACU, dispuso a la Agencia Nacional de Tr\u00e1nsito (ANT) la aplicaci\u00f3n de la \u201cPol\u00edtica P\u00fablica Nacional de Seguridad Ciudadana, P\u00fablica y de Protecci\u00f3n Interna en la Red Vial Estatal\u201d, a cargo de la Direcci\u00f3n Nacional de Control de Tr\u00e1nsito y Seguridad Vial de la Polic\u00eda Nacional que, entre otras acciones para fortalecer la seguridad de las personas, los bienes, el transporte de mercanc\u00edas y los servicios p\u00fablicos de transporte terrestre, permite a la entidad policial liderar el control de tr\u00e1nsito y seguridad vial en las \u201czonas priorizadas de seguridad de la red vial estatal\u201d, definidas por el Ministerio del Interior.<\/p>\n<p>Entre las zonas priorizadas de seguridad en la red estatal, en donde la Polic\u00eda Nacional liderar\u00e1 el control de tr\u00e1nsito, desde el pr\u00f3ximo 12 de mayo de 2025, constan las siguientes v\u00edas:<\/p>\n<ul>\n<li>Santo Domingo \u2013 La Concordia \u2013 Y de San Mateo<\/li>\n<li>L\u00edmite Santo Domingo \u2013 Flavio Alfaro \u2013 Chone \u2013 Rocafuerte<\/li>\n<li>L\u00edmite El Empalme \u2013 Pichincha \u2013 Portoviejo<\/li>\n<li>San Lorenzo \u2013 Ruta Del Spondylus \u2013 Paso Lateral Portoviejo<\/li>\n<li>L\u00edmite Santo Domingo \u2013 San Miguel De Los Bancos<\/li>\n<li>L\u00edmite Santo Domingo \u2013 Mej\u00eda \u2013 tramo Cutuglagua<\/li>\n<li>L\u00edmite Los R\u00edos \u2013 La Man\u00e1 \u2013 Tramo Zumbahua<\/li>\n<li>Bol\u00edvar \u2013 L\u00edmite Los R\u00edos \u2013 Chimborazo \u2013 Av. Jos\u00e9 A Lizardo<\/li>\n<li>Tramo Cumand\u00e1 \u2013 Colta \u2013 Tramo Riobamba Acceso Oeste \u2013 Alaus\u00ed<\/li>\n<li>El Piedrero \u2013 Alaus\u00ed \u2013 Tramo Riobamba Acceso Oeste Alaus\u00ed<\/li>\n<li>La Troncal \u2013 El Triunfo<\/li>\n<li>Tramo Bibli\u00e1n \u2013 Azogues<\/li>\n<li>Sevilla De Oro \u2013 Azogues \u2013 Tramo Bibli\u00e1n \u2013 Azogues<\/li>\n<li>L\u00edmite Azuay \u2013 v\u00eda A M\u00e9ndez<\/li>\n<li>L\u00edmite Azuay \u2013 Tramo Gualaquiza \u2013 L\u00edmite Morona Santiago<\/li>\n<li>Intersecci\u00f3n El Calvario \u2013 Zumbi \u2013 Yantzaza<\/li>\n<li>L\u00edmite El Oro \u2013 Tramo Velacruz \u2013 Catacocha<\/li>\n<li>L\u00edmite El Oro \u2013 Y De Alamor<\/li>\n<li>L\u00edmite Internacional Ecuador\/Per\u00fa \u2013 Intersecci\u00f3n Corralitos<\/li>\n<li>Intersecci\u00f3n El Guabo \u2013 Entronque V\u00eda A Naranjal \u2013 Molleturo<\/li>\n<li>Puerto Inca \u2013 Dur\u00e1n\/Boliche\/Tambo \u2013 Dur\u00e1n\/Boliche\/Yaguachi<\/li>\n<li>Desv\u00edo San Carlos \u2013 T de Baba Troncal La Costa<\/li>\n<li>Paso Lateral Quevedo<\/li>\n<li>Buena Fe \u2013 Quevedo \u2013 Bypass Quevedo Quito<\/li>\n<li>El Empalme \u2013 Balzar \u2013 Palestina \u2013 Daule<\/li>\n<\/ul>\n<p>La Agencia Nacional de Tr\u00e1nsito establecer\u00e1 los mecanismos de coordinaci\u00f3n con la Polic\u00eda Nacional para garantizar el control del tr\u00e1nsito en las zonas priorizadas y realizar\u00e1 el seguimiento y monitoreo del cumplimiento de esta Pol\u00edtica, la cual tendr\u00e1 vigencia de un a\u00f1o. Posteriormente, se revisar\u00e1n y evaluar\u00e1n los resultados, para considerar su renovaci\u00f3n.<\/p>\n<p>Al momento, autoridades de la ANT, Polic\u00eda Nacional y CTE contin\u00faan las reuniones de coordinaci\u00f3n para dar cumplimiento al Acuerdo emitido por el Ministerio de Transporte y Obras P\u00fablicas.<\/p>\n<p>Adicionalmente, cabe recalcar que, la actual administraci\u00f3n de la ANT realiz\u00f3 la devoluci\u00f3n de cerca de 14.5 millones de d\u00f3lares, correspondientes a los valores recaudados por concepto de infracciones de tr\u00e1nsito a la Polic\u00eda Nacional, los cuales estaban pendientes desde el a\u00f1o 2021, como parte del Convenio de Cooperaci\u00f3n Interinstitucional entre el Ministerio del Interior y la ANT, a favor de la Direcci\u00f3n Nacional de Tr\u00e1nsito de la Polic\u00eda Nacional, recursos que permitir\u00e1n cumplir su labor para mejorar la seguridad en el pa\u00eds.<\/p>\n","protected":false},"excerpt":{"rendered":"<p>Quito.- El Ministerio de Transporte y Obras P\u00fablicas (MTOP), mediante Acuerdo Nro. MTOP-MTOP-25-19-ACU, dispuso a la Agencia Nacional de Tr\u00e1nsito (ANT) la aplicaci\u00f3n de la \u201cPol\u00edtica P\u00fablica Nacional de Seguridad Ciudadana, P\u00fablica y de Protecci\u00f3n Interna en la Red Vial Estatal\u201d, a cargo de la Direcci\u00f3n Nacional de Control de Tr\u00e1nsito y Seguridad Vial de [&hellip;]<\/p>\n","protected":false},"author":2,"featured_media":27363,"comment_status":"open","ping_status":"closed","sticky":false,"template":"","format":"standard","meta":{"_jetpack_memberships_contains_paid_content":false,"footnotes":""},"categories":[13],"tags":[274],"class_list":["post-27362","post","type-post","status-publish","format-standard","has-post-thumbnail","hentry","category-noticias-nacionales","tag-ministerio-de-transporte-y-obras-publicas"],"jetpack_featured_media_url":"https:\/\/radiocresatelital.com\/wp-content\/uploads\/2025\/04\/68123c00e9c3d.jpeg","jetpack_sharing_enabled":true,"_links":{"self":[{"href":"https:\/\/radiocresatelital.com\/index.php?rest_route=\/wp\/v2\/posts\/27362","targetHints":{"allow":["GET"]}}],"collection":[{"href":"https:\/\/radiocresatelital.com\/index.php?rest_route=\/wp\/v2\/posts"}],"about":[{"href":"https:\/\/radiocresatelital.com\/index.php?rest_route=\/wp\/v2\/types\/post"}],"author":[{"embeddable":true,"href":"https:\/\/radiocresatelital.com\/index.php?rest_route=\/wp\/v2\/users\/2"}],"replies":[{"embeddable":true,"href":"https:\/\/radiocresatelital.com\/index.php?rest_route=%2Fwp%2Fv2%2Fcomments&post=27362"}],"version-history":[{"count":1,"href":"https:\/\/radiocresatelital.com\/index.php?rest_route=\/wp\/v2\/posts\/27362\/revisions"}],"predecessor-version":[{"id":27364,"href":"https:\/\/radiocresatelital.com\/index.php?rest_route=\/wp\/v2\/posts\/27362\/revisions\/27364"}],"wp:featuredmedia":[{"embeddable":true,"href":"https:\/\/radiocresatelital.com\/index.php?rest_route=\/wp\/v2\/media\/27363"}],"wp:attachment":[{"href":"https:\/\/radiocresatelital.com\/index.php?rest_route=%2Fwp%2Fv2%2Fmedia&parent=27362"}],"wp:term":[{"taxonomy":"category","embeddable":true,"href":"https:\/\/radiocresatelital.com\/index.php?rest_route=%2Fwp%2Fv2%2Fcategories&post=27362"},{"taxonomy":"post_tag","embeddable":true,"href":"https:\/\/radiocresatelital.com\/index.php?rest_route=%2Fwp%2Fv2%2Ftags&post=27362"}],"curies":[{"name":"wp","href":"https:\/\/api.w.org\/{rel}","templated":true}]}}