{"id":27312,"date":"2025-04-30T18:50:45","date_gmt":"2025-04-30T18:50:45","guid":{"rendered":"https:\/\/radiocresatelital.com\/?p=27312"},"modified":"2025-04-30T20:52:53","modified_gmt":"2025-04-30T20:52:53","slug":"tecnologia-sostenible-de-epson-protagonista-en-la-cumbre-de-sostenibilidad-2025","status":"publish","type":"post","link":"https:\/\/radiocresatelital.com\/?p=27312","title":{"rendered":"Tecnolog\u00eda sostenible de Epson protagonista en la Cumbre de Sostenibilidad 2025"},"content":{"rendered":"<p>Quito.- El evento m\u00e1s grande del pa\u00eds enfocado en promover soluciones para un futuro m\u00e1s consciente, reuni\u00f3 a m\u00e1s de 15.000 asistentes en su edici\u00f3n de este a\u00f1o. En este espacio, se foment\u00f3 una cultura de sostenibilidad entre organizaciones y ciudadanos, as\u00ed como el di\u00e1logo entre el sector empresarial, las ONGs, los gobiernos y la academia. Epson fue uno de los actores de la Cumbre de Sostenibilidad 2025, donde reafirm\u00f3 su compromiso con el medioambiente, al presentar innovaciones tecnol\u00f3gicas orientadas a cuidar los recursos naturales y el uso responsable de energ\u00eda.<\/p>\n<p>Durante su participaci\u00f3n, la compa\u00f1\u00eda dio a conocer sus m\u00e1s recientes soluciones sostenibles, entre ellas el equipo Workforce AM-C550 y el Proyector Interactivo Brightlink 1485. Ambos, dise\u00f1ados para simplificar procesos, garantizar una confiabilidad excepcional y minimizar el consumo de energ\u00eda. En el stand incorpor\u00f3 activaciones innovadoras que reforzaron su propuesta tecnol\u00f3gica sostenible:<\/p>\n<p>Demostraci\u00f3n de ahorro energ\u00e9tico: Comparaci\u00f3n en vivo del ahorro de energ\u00eda, entre una impresora Workforce con tecnolog\u00eda sin calor, y un equipo de impresi\u00f3n l\u00e1ser, evidenciando una notable diferencia en el consumo energ\u00e9tico.<\/p>\n<p>Tecnolog\u00eda solar: Se demostr\u00f3 el funcionamiento de una impresora Epson a base de panel solar y luz UV, debido a su bajo consumo de energ\u00eda, a diferencia de otros equipos con tecnolog\u00eda l\u00e1ser.<\/p>\n<p>Photobooth interactivo: Los asistentes pudieron tomarse fotos personalizadas y mediante proyecci\u00f3n interactiva visualizarlas y descargarlas, demostrando la versatilidad tecnol\u00f3gica.<\/p>\n<p>Asimismo, Estefan\u00eda C\u00e1ceres, Gerente de Cuentas Corporativas de Epson Ecuador, fue una de las expositoras destacadas del evento, donde subray\u00f3 el compromiso de la compa\u00f1\u00eda con la sostenibilidad desde el dise\u00f1o de sus productos. \u201cNuestro compromiso de larga data con el medio ambiente surge de un profundo deseo de preservar nuestros recursos naturales. Sabemos que, solo podemos prosperar como empresa si nuestros productos y soluciones van m\u00e1s all\u00e1 de su funci\u00f3n original y consideran activamente el cuidado del medio ambiente. Es por eso que, nuestra filosof\u00eda de desarrollar tecnolog\u00edas eficientes, compactas y precisas, conocidas en Jap\u00f3n como Sho-Sho-Sei, se ha infundido en todos los productos Epson\u201d, afirm\u00f3.<\/p>\n<p>Durante su intervenci\u00f3n, C\u00e1ceres present\u00f3 innovaciones como la tecnolog\u00eda Heat-Free y los proyectores, que reflejan el enfoque de Epson en la eficiencia energ\u00e9tica, la reducci\u00f3n de residuos y la econom\u00eda circular. Tambi\u00e9n destac\u00f3 que desde 2023, Epson opera globalmente con energ\u00eda 100% renovable, y reafirm\u00f3 el objetivo de la compa\u00f1\u00eda de alcanzar su Visi\u00f3n Ambiental 2050, que incluye metas como convertirse en una empresa carbono negativa y eliminar el uso de recursos subterr\u00e1neos no renovables.<br \/>\nComo signatario del Pacto Mundial de las Naciones Unidas desde 2004, Epson est\u00e1 comprometido con m\u00e1s de 150 iniciativas que respaldan los 17 Objetivos de Desarrollo Sostenible (ODS), enfocadas en el medio ambiente, las comunidades y la sociedad en general.<\/p>\n<p>Actualmente, cerca de 80.000 colaboradores en todo el mundo trabajan unidos para apoyar la sostenibilidad y proteger el entorno global.<\/p>\n<p>Con esta destacada participaci\u00f3n en la Cumbre de Sostenibilidad 2025, la compa\u00f1\u00eda refuerza su rol como referente en innovaci\u00f3n responsable, demostrando que la tecnolog\u00eda puede y debe ser parte de la soluci\u00f3n frente a los desaf\u00edos medioambientales. A trav\u00e9s de estas iniciativas, aportar de manera concreta hacia un Ecuador m\u00e1s consciente, colaborativo y comprometido con la sostenibilidad.<\/p>\n","protected":false},"excerpt":{"rendered":"<p>Quito.- El evento m\u00e1s grande del pa\u00eds enfocado en promover soluciones para un futuro m\u00e1s consciente, reuni\u00f3 a m\u00e1s de 15.000 asistentes en su edici\u00f3n de este a\u00f1o. En este espacio, se foment\u00f3 una cultura de sostenibilidad entre organizaciones y ciudadanos, as\u00ed como el di\u00e1logo entre el sector empresarial, las ONGs, los gobiernos y la [&hellip;]<\/p>\n","protected":false},"author":2,"featured_media":27313,"comment_status":"open","ping_status":"closed","sticky":false,"template":"","format":"standard","meta":{"_jetpack_memberships_contains_paid_content":false,"footnotes":""},"categories":[122],"tags":[2917],"class_list":["post-27312","post","type-post","status-publish","format-standard","has-post-thumbnail","hentry","category-tecnologia","tag-epson"],"jetpack_featured_media_url":"https:\/\/radiocresatelital.com\/wp-content\/uploads\/2025\/04\/WhatsApp-Image-2025-04-30-at-15.46.02.jpeg","jetpack_sharing_enabled":true,"_links":{"self":[{"href":"https:\/\/radiocresatelital.com\/index.php?rest_route=\/wp\/v2\/posts\/27312","targetHints":{"allow":["GET"]}}],"collection":[{"href":"https:\/\/radiocresatelital.com\/index.php?rest_route=\/wp\/v2\/posts"}],"about":[{"href":"https:\/\/radiocresatelital.com\/index.php?rest_route=\/wp\/v2\/types\/post"}],"author":[{"embeddable":true,"href":"https:\/\/radiocresatelital.com\/index.php?rest_route=\/wp\/v2\/users\/2"}],"replies":[{"embeddable":true,"href":"https:\/\/radiocresatelital.com\/index.php?rest_route=%2Fwp%2Fv2%2Fcomments&post=27312"}],"version-history":[{"count":1,"href":"https:\/\/radiocresatelital.com\/index.php?rest_route=\/wp\/v2\/posts\/27312\/revisions"}],"predecessor-version":[{"id":27314,"href":"https:\/\/radiocresatelital.com\/index.php?rest_route=\/wp\/v2\/posts\/27312\/revisions\/27314"}],"wp:featuredmedia":[{"embeddable":true,"href":"https:\/\/radiocresatelital.com\/index.php?rest_route=\/wp\/v2\/media\/27313"}],"wp:attachment":[{"href":"https:\/\/radiocresatelital.com\/index.php?rest_route=%2Fwp%2Fv2%2Fmedia&parent=27312"}],"wp:term":[{"taxonomy":"category","embeddable":true,"href":"https:\/\/radiocresatelital.com\/index.php?rest_route=%2Fwp%2Fv2%2Fcategories&post=27312"},{"taxonomy":"post_tag","embeddable":true,"href":"https:\/\/radiocresatelital.com\/index.php?rest_route=%2Fwp%2Fv2%2Ftags&post=27312"}],"curies":[{"name":"wp","href":"https:\/\/api.w.org\/{rel}","templated":true}]}}