{"id":27217,"date":"2025-04-29T19:54:58","date_gmt":"2025-04-29T19:54:58","guid":{"rendered":"https:\/\/radiocresatelital.com\/?p=27217"},"modified":"2025-04-29T21:56:19","modified_gmt":"2025-04-29T21:56:19","slug":"mas-de-600-jovenes-se-certifican-como-lideres-ambientales-con-el-programa-internacional-cascos-verdes","status":"publish","type":"post","link":"https:\/\/radiocresatelital.com\/?p=27217","title":{"rendered":"M\u00e1s de 600 j\u00f3venes se certifican como l\u00edderes ambientales con el programa internacional Cascos Verdes"},"content":{"rendered":"<p>Quito.- En el marco de la Ekos Cumbre de Sostenibilidad ESG 2025, celebrada el 24 de abril, se llev\u00f3 a cabo la primera ceremonia oficial de certificaci\u00f3n del programa Cascos Verdes de UNITAR CIFAL, con la graduaci\u00f3n de m\u00e1s de 600 j\u00f3venes. Este momento marc\u00f3 un hito para el activismo clim\u00e1tico juvenil en Ecuador, como parte de una iniciativa global que busca capacitar a 10.000 voluntarios en el pa\u00eds hasta 2030.<\/p>\n<p>Lanzado oficialmente en 2024, Cascos Verdes tiene como prop\u00f3sito movilizar a nuevas generaciones en torno a la acci\u00f3n clim\u00e1tica, brindando formaci\u00f3n sobre sostenibilidad, liderazgo y soluciones basadas en la naturaleza.<\/p>\n<p>Como parte de esta iniciativa, se desarroll\u00f3 con \u00e9xito la primera jornada de reforestaci\u00f3n responsable en Ecuador, que cont\u00f3 con la participaci\u00f3n de 12 voluntarios certificados y el respaldo de 10 aliados entre empresas, instituciones p\u00fablicas y organizaciones acad\u00e9micas. M\u00e1s de 150 personas, entre colaboradores y sus familias, se unieron a esta actividad que impulsa acciones concretas como la agricultura regenerativa y la limpieza de ecosistemas acu\u00e1ticos, reforzando el compromiso con un voluntariado transformador y consciente.<\/p>\n<p>La ceremonia fue liderada por Alex Mej\u00eda, director de Divisi\u00f3n de UNITAR y Managing Director de la Red Global CIFAL, y Ricardo Due\u00f1as, CEO de Grupo Ekos y presidente de CIFAL Ecuador UNITAR. Ambos coincidieron en la necesidad de fomentar alianzas entre j\u00f3venes, comunidades y el sector privado para enfrentar con eficacia los desaf\u00edos del cambio clim\u00e1tico.<\/p>\n<p>El programa formativo se desarrolla a trav\u00e9s de una plataforma virtual que incluye seis m\u00f3dulos enfocados en los Objetivos de Desarrollo Sostenible (ODS) y soluciones basadas en la naturaleza. El proceso de aprendizaje, que dura ocho horas, culmina con una evaluaci\u00f3n final que otorga la certificaci\u00f3n internacional de Casco Verde, una distinci\u00f3n de alto valor acad\u00e9mico y profesional que abre puertas a oportunidades laborales, becas y espacios de liderazgo global.<\/p>\n<p>\u201cCambiar los h\u00e1bitos es posible cuando comprendemos lo que est\u00e1 en juego. CIFAL y UNITAR est\u00e1n aqu\u00ed para formar, informar y empoderar. Los j\u00f3venes tienen la energ\u00eda y el compromiso; nosotros, la responsabilidad de ofrecerles las herramientas\u201d, expres\u00f3 Alex Mej\u00eda.<\/p>\n<p>Durante el evento tambi\u00e9n se present\u00f3 el desarrollo de una innovadora plataforma de monitoreo ambiental en tiempo real, que permitir\u00e1 rastrear la ubicaci\u00f3n y el estado de cada \u00e1rbol plantado, as\u00ed como medir su contribuci\u00f3n a la captura de CO\u2082. Esta herramienta fomentar\u00e1 la transparencia, la trazabilidad y la participaci\u00f3n ciudadana informada.<\/p>\n<p>Por su parte, Ricardo Due\u00f1as destac\u00f3 la urgencia de adoptar modelos de negocio resilientes ante la crisis clim\u00e1tica. \u201cLa sostenibilidad no es opcional. Estamos a mitad del camino hacia 2030 y el planeta est\u00e1 en ebullici\u00f3n. Si no frenamos ahora, ser\u00e1 m\u00e1s dif\u00edcil adaptarse. El cambio clim\u00e1tico impacta la distribuci\u00f3n, la econom\u00eda y profundiza la desigualdad\u201d, se\u00f1al\u00f3.<\/p>\n<p>Como mensaje final, Mej\u00eda invit\u00f3 a los j\u00f3venes ecuatorianos a ser parte de la conversaci\u00f3n global en dos eventos clave de la agenda clim\u00e1tica: la Cumbre Mundial para el Desarrollo Social 2025 y la COP30, que se celebrar\u00e1 en Bel\u00e9m do Par\u00e1, Brasil.<\/p>\n","protected":false},"excerpt":{"rendered":"<p>Quito.- En el marco de la Ekos Cumbre de Sostenibilidad ESG 2025, celebrada el 24 de abril, se llev\u00f3 a cabo la primera ceremonia oficial de certificaci\u00f3n del programa Cascos Verdes de UNITAR CIFAL, con la graduaci\u00f3n de m\u00e1s de 600 j\u00f3venes. Este momento marc\u00f3 un hito para el activismo clim\u00e1tico juvenil en Ecuador, como [&hellip;]<\/p>\n","protected":false},"author":2,"featured_media":27218,"comment_status":"open","ping_status":"closed","sticky":false,"template":"","format":"standard","meta":{"_jetpack_memberships_contains_paid_content":false,"footnotes":""},"categories":[13],"tags":[4304],"class_list":["post-27217","post","type-post","status-publish","format-standard","has-post-thumbnail","hentry","category-noticias-nacionales","tag-cumbre-de-sostenibilidad-esg-2025"],"jetpack_featured_media_url":"https:\/\/radiocresatelital.com\/wp-content\/uploads\/2025\/04\/WhatsApp-Image-2025-04-29-at-15.45.57.jpeg","jetpack_sharing_enabled":true,"_links":{"self":[{"href":"https:\/\/radiocresatelital.com\/index.php?rest_route=\/wp\/v2\/posts\/27217","targetHints":{"allow":["GET"]}}],"collection":[{"href":"https:\/\/radiocresatelital.com\/index.php?rest_route=\/wp\/v2\/posts"}],"about":[{"href":"https:\/\/radiocresatelital.com\/index.php?rest_route=\/wp\/v2\/types\/post"}],"author":[{"embeddable":true,"href":"https:\/\/radiocresatelital.com\/index.php?rest_route=\/wp\/v2\/users\/2"}],"replies":[{"embeddable":true,"href":"https:\/\/radiocresatelital.com\/index.php?rest_route=%2Fwp%2Fv2%2Fcomments&post=27217"}],"version-history":[{"count":1,"href":"https:\/\/radiocresatelital.com\/index.php?rest_route=\/wp\/v2\/posts\/27217\/revisions"}],"predecessor-version":[{"id":27219,"href":"https:\/\/radiocresatelital.com\/index.php?rest_route=\/wp\/v2\/posts\/27217\/revisions\/27219"}],"wp:featuredmedia":[{"embeddable":true,"href":"https:\/\/radiocresatelital.com\/index.php?rest_route=\/wp\/v2\/media\/27218"}],"wp:attachment":[{"href":"https:\/\/radiocresatelital.com\/index.php?rest_route=%2Fwp%2Fv2%2Fmedia&parent=27217"}],"wp:term":[{"taxonomy":"category","embeddable":true,"href":"https:\/\/radiocresatelital.com\/index.php?rest_route=%2Fwp%2Fv2%2Fcategories&post=27217"},{"taxonomy":"post_tag","embeddable":true,"href":"https:\/\/radiocresatelital.com\/index.php?rest_route=%2Fwp%2Fv2%2Ftags&post=27217"}],"curies":[{"name":"wp","href":"https:\/\/api.w.org\/{rel}","templated":true}]}}