{"id":27174,"date":"2025-04-29T20:22:03","date_gmt":"2025-04-29T20:22:03","guid":{"rendered":"https:\/\/radiocresatelital.com\/?p=27174"},"modified":"2025-04-29T20:22:19","modified_gmt":"2025-04-29T20:22:19","slug":"ministerio-de-educacion-fortalece-bienestar-docente-y-espacios-artisticos-en-guayaquil","status":"publish","type":"post","link":"https:\/\/radiocresatelital.com\/?p=27174","title":{"rendered":"Ministerio de Educaci\u00f3n fortalece bienestar docente y espacios art\u00edsticos en Guayaquil"},"content":{"rendered":"<p>Guayaquil.-\u00a0La ministra de Educaci\u00f3n, Alegr\u00eda Crespo, junto con autoridades de la zona 8, cumpli\u00f3 este lunes 28 de abril una intensa agenda en la ciudad de Guayaquil, centrada en el fortalecimiento del bienestar de los profesores como parte de la valorizaci\u00f3n docente y la mejora de espacios educativos de alto valor cultural.<\/p>\n<p>En un acto desarrollado junto a la Universidad de Guayaquil, se firm\u00f3 un convenio espec\u00edfico de cooperaci\u00f3n con la Facultad de Ciencias Psicol\u00f3gicas. Esta alianza permitir\u00e1 implementar el Proyecto de Vinculaci\u00f3n con la Sociedad \u201cDesarrollo de competencias emocionales en docentes para fortalecer comunidades educativas seguras protectoras\u201d.<\/p>\n<p>La iniciativa beneficiar\u00e1 a 3.200 docentes de 97 instituciones educativas priorizadas de las direcciones distritales 09D01 a 09D10 de la zona 8, con la participaci\u00f3n de 320 estudiantes de la Facultad de Ciencias Psicol\u00f3gicas.<\/p>\n<p>Durante 24 meses se desarrollar\u00e1n talleres presenciales y actividades virtuales sobre conciencia emocional, regulaci\u00f3n emocional, resiliencia y bienestar psicol\u00f3gico, con seguimiento especializado y articulaci\u00f3n con el Ministerio de Salud y fundaciones aliadas.<\/p>\n<p>\u201cHoy no solo firmamos un convenio. Hoy sembramos una semilla de transformaci\u00f3n, una semilla que germinar\u00e1 en escuelas m\u00e1s humanas, en comunidades educativas m\u00e1s fuertes y seguras, en un pa\u00eds que cree en el poder de la educaci\u00f3n para cambiar destinos\u201d, indic\u00f3 la ministra Alegr\u00eda Crespo.<\/p>\n<p>Para una de las docentes beneficiadas, Clara Le\u00f3n, esta iniciativa reconoce el valor de su labor y, sobre todo, prioriza el cuidado emocional, una necesidad urgente y muchas veces olvidada. \u201cCuidar a quienes ense\u00f1amos es cuidar la calidad educativa del pa\u00eds\u201d.<\/p>\n<p>M\u00e1s tarde, junto con la ministra de Cultura, Romina Mu\u00f1oz, la titular de Educaci\u00f3n visit\u00f3 la Unidad Educativa Vicente Rocafuerte, donde luego de ocho a\u00f1os de espera, el Ministerio de Educaci\u00f3n asign\u00f3 $398.026,90 m\u00e1s IVA para el mantenimiento del plantel y las instalaciones del Conservatorio de M\u00fasica Antonio Neumane.<\/p>\n<p>La intervenci\u00f3n en el conservatorio, que beneficiar\u00e1 a 643 estudiantes y 53 docentes, contempla la habilitaci\u00f3n de 13 aulas te\u00f3ricas, 48 cub\u00edculos individuales (entre nuevos y mejorados), una sala de ensayo de orquesta, una biblioteca, una sala de coro y nuevas bater\u00edas sanitarias.<\/p>\n<p>El proceso fue definido junto con padres de familia, autoridades y docentes, en respuesta a a\u00f1os de protestas ciudadanas y al deterioro del edificio original ubicado en las calles Hurtado y Mascote.<\/p>\n<p>Jimmy Falcones, presidente del Comit\u00e9 de Padres del Conservatorio de M\u00fasica Antonio Neumane, resalt\u00f3 este esfuerzo en conjunto: \u201cEste es un proyecto importante. Es el reflejo de trabajar en equipo para tener una educaci\u00f3n digna y permitir\u00e1 ser un semillero para sacar a ni\u00f1os de la calle a trav\u00e9s del arte\u201d.<\/p>\n<p>\u201cHoy renovamos un espacio. Pero, sobre todo, renovamos un compromiso: que la m\u00fasica nunca se apague, que el arte siempre tenga un lugar donde crecer, que nuestros j\u00f3venes sepan que su talento tiene un hogar, un futuro y un pa\u00eds que los abraza\u201d, manifest\u00f3 la ministra de Educaci\u00f3n.<\/p>\n<p>En paralelo, se prev\u00e9 avanzar en un proyecto de inversi\u00f3n mayor, valorado en aproximadamente 11 millones de d\u00f3lares, para construir un complejo art\u00edstico que re\u00fana al Conservatorio Antonio Neumane y al Conservatorio de Danza Raymond Mouget.<\/p>\n<p>El Ministerio de Educaci\u00f3n reafirma su compromiso con la construcci\u00f3n de una educaci\u00f3n integral, donde el bienestar emocional y el impulso a las artes sean pilares fundamentales.<\/p>\n","protected":false},"excerpt":{"rendered":"<p>Guayaquil.-\u00a0La ministra de Educaci\u00f3n, Alegr\u00eda Crespo, junto con autoridades de la zona 8, cumpli\u00f3 este lunes 28 de abril una intensa agenda en la ciudad de Guayaquil, centrada en el fortalecimiento del bienestar de los profesores como parte de la valorizaci\u00f3n docente y la mejora de espacios educativos de alto valor cultural. En un acto [&hellip;]<\/p>\n","protected":false},"author":2,"featured_media":27175,"comment_status":"open","ping_status":"closed","sticky":false,"template":"","format":"standard","meta":{"_jetpack_memberships_contains_paid_content":false,"footnotes":""},"categories":[13],"tags":[2452,327],"class_list":["post-27174","post","type-post","status-publish","format-standard","has-post-thumbnail","hentry","category-noticias-nacionales","tag-alegria-crespo","tag-ministra-de-educacion"],"jetpack_featured_media_url":"https:\/\/radiocresatelital.com\/wp-content\/uploads\/2025\/04\/8-scaled.jpeg","jetpack_sharing_enabled":true,"_links":{"self":[{"href":"https:\/\/radiocresatelital.com\/index.php?rest_route=\/wp\/v2\/posts\/27174","targetHints":{"allow":["GET"]}}],"collection":[{"href":"https:\/\/radiocresatelital.com\/index.php?rest_route=\/wp\/v2\/posts"}],"about":[{"href":"https:\/\/radiocresatelital.com\/index.php?rest_route=\/wp\/v2\/types\/post"}],"author":[{"embeddable":true,"href":"https:\/\/radiocresatelital.com\/index.php?rest_route=\/wp\/v2\/users\/2"}],"replies":[{"embeddable":true,"href":"https:\/\/radiocresatelital.com\/index.php?rest_route=%2Fwp%2Fv2%2Fcomments&post=27174"}],"version-history":[{"count":1,"href":"https:\/\/radiocresatelital.com\/index.php?rest_route=\/wp\/v2\/posts\/27174\/revisions"}],"predecessor-version":[{"id":27176,"href":"https:\/\/radiocresatelital.com\/index.php?rest_route=\/wp\/v2\/posts\/27174\/revisions\/27176"}],"wp:featuredmedia":[{"embeddable":true,"href":"https:\/\/radiocresatelital.com\/index.php?rest_route=\/wp\/v2\/media\/27175"}],"wp:attachment":[{"href":"https:\/\/radiocresatelital.com\/index.php?rest_route=%2Fwp%2Fv2%2Fmedia&parent=27174"}],"wp:term":[{"taxonomy":"category","embeddable":true,"href":"https:\/\/radiocresatelital.com\/index.php?rest_route=%2Fwp%2Fv2%2Fcategories&post=27174"},{"taxonomy":"post_tag","embeddable":true,"href":"https:\/\/radiocresatelital.com\/index.php?rest_route=%2Fwp%2Fv2%2Ftags&post=27174"}],"curies":[{"name":"wp","href":"https:\/\/api.w.org\/{rel}","templated":true}]}}