{"id":27171,"date":"2025-04-29T20:18:22","date_gmt":"2025-04-29T20:18:22","guid":{"rendered":"https:\/\/radiocresatelital.com\/?p=27171"},"modified":"2025-04-29T20:18:22","modified_gmt":"2025-04-29T20:18:22","slug":"desde-el-30-de-abril-se-abren-las-inscripciones-para-la-edicion-64-del-salon-de-julio","status":"publish","type":"post","link":"https:\/\/radiocresatelital.com\/?p=27171","title":{"rendered":"Desde el 30 de abril se abren las inscripciones para la edici\u00f3n 64 del Sal\u00f3n de Julio"},"content":{"rendered":"<p>Guayaquil.- Del 30 de abril al 22 de junio de 2025 estar\u00e1n abiertas las inscripciones para la edici\u00f3n 64 del Sal\u00f3n de Julio Fundaci\u00f3n de Guayaquil, a cargo de la Direcci\u00f3n de Patrimonio Cultural del Municipio de Guayaquil.<\/p>\n<p>Las inscripciones se recibir\u00e1n en el sitio web www.salondejulio.com.ec y podr\u00e1n participar artistas ecuatorianos residentes en el pa\u00eds o en el extranjero, as\u00ed como artistas extranjeros que hayan vivido en Ecuador de forma continua durante los \u00faltimos dos a\u00f1os.<\/p>\n<p>Para esta edici\u00f3n, el certamen se desarrollar\u00e1 con el concepto \u201cescrutar lo pict\u00f3rico hacia una abertura incansable\u201d, una invitaci\u00f3n a reflexionar sobre la pintura como medio de exploraci\u00f3n contempor\u00e1nea.<\/p>\n<p>Este a\u00f1o el concurso incrementa su est\u00edmulo econ\u00f3mico, de USD 20.000 a USD 30.000 en premios y se otorgar\u00e1n tres menciones de honor sin retribuci\u00f3n econ\u00f3mica. Adem\u00e1s, se crearon dos categor\u00edas: Trayectoria y Emergente.<\/p>\n<p>La primera est\u00e1 dirigida a artistas visuales con al menos 10 a\u00f1os de actividad art\u00edstica comprobada, con participaci\u00f3n en exposiciones de relevancia y presencia en publicaciones o colecciones reconocidas. El primer lugar se har\u00e1 acreedor de USD 15.000; y el segundo, USD 10.000.<\/p>\n<p>La segunda categor\u00eda, est\u00e1 dirigida para artistas en etapas iniciales, cuyas propuestas se destaquen por su car\u00e1cter investigativo y proyecci\u00f3n contempor\u00e1nea. Para el primer lugar el premio ser\u00e1 de USD 3.000; y para el segundo, de USD 2.000.<\/p>\n<p>Para m\u00e1s informaci\u00f3n o consultas, pueden comunicarse al correo: salondejulio@guayaquil.gob.ec.<\/p>\n","protected":false},"excerpt":{"rendered":"<p>Guayaquil.- Del 30 de abril al 22 de junio de 2025 estar\u00e1n abiertas las inscripciones para la edici\u00f3n 64 del Sal\u00f3n de Julio Fundaci\u00f3n de Guayaquil, a cargo de la Direcci\u00f3n de Patrimonio Cultural del Municipio de Guayaquil. Las inscripciones se recibir\u00e1n en el sitio web www.salondejulio.com.ec y podr\u00e1n participar artistas ecuatorianos residentes en el [&hellip;]<\/p>\n","protected":false},"author":2,"featured_media":27172,"comment_status":"open","ping_status":"closed","sticky":false,"template":"","format":"standard","meta":{"_jetpack_memberships_contains_paid_content":false,"footnotes":""},"categories":[33,13],"tags":[4294],"class_list":["post-27171","post","type-post","status-publish","format-standard","has-post-thumbnail","hentry","category-guayaquil","category-noticias-nacionales","tag-salon-de-julio-fundacion-de-guayaquil"],"jetpack_featured_media_url":"https:\/\/radiocresatelital.com\/wp-content\/uploads\/2025\/04\/abren-inscripciones-edicion-salon-julio1.jpg","jetpack_sharing_enabled":true,"_links":{"self":[{"href":"https:\/\/radiocresatelital.com\/index.php?rest_route=\/wp\/v2\/posts\/27171","targetHints":{"allow":["GET"]}}],"collection":[{"href":"https:\/\/radiocresatelital.com\/index.php?rest_route=\/wp\/v2\/posts"}],"about":[{"href":"https:\/\/radiocresatelital.com\/index.php?rest_route=\/wp\/v2\/types\/post"}],"author":[{"embeddable":true,"href":"https:\/\/radiocresatelital.com\/index.php?rest_route=\/wp\/v2\/users\/2"}],"replies":[{"embeddable":true,"href":"https:\/\/radiocresatelital.com\/index.php?rest_route=%2Fwp%2Fv2%2Fcomments&post=27171"}],"version-history":[{"count":1,"href":"https:\/\/radiocresatelital.com\/index.php?rest_route=\/wp\/v2\/posts\/27171\/revisions"}],"predecessor-version":[{"id":27173,"href":"https:\/\/radiocresatelital.com\/index.php?rest_route=\/wp\/v2\/posts\/27171\/revisions\/27173"}],"wp:featuredmedia":[{"embeddable":true,"href":"https:\/\/radiocresatelital.com\/index.php?rest_route=\/wp\/v2\/media\/27172"}],"wp:attachment":[{"href":"https:\/\/radiocresatelital.com\/index.php?rest_route=%2Fwp%2Fv2%2Fmedia&parent=27171"}],"wp:term":[{"taxonomy":"category","embeddable":true,"href":"https:\/\/radiocresatelital.com\/index.php?rest_route=%2Fwp%2Fv2%2Fcategories&post=27171"},{"taxonomy":"post_tag","embeddable":true,"href":"https:\/\/radiocresatelital.com\/index.php?rest_route=%2Fwp%2Fv2%2Ftags&post=27171"}],"curies":[{"name":"wp","href":"https:\/\/api.w.org\/{rel}","templated":true}]}}