{"id":27092,"date":"2025-04-28T19:24:41","date_gmt":"2025-04-28T19:24:41","guid":{"rendered":"https:\/\/radiocresatelital.com\/?p=27092"},"modified":"2025-04-28T22:26:37","modified_gmt":"2025-04-28T22:26:37","slug":"de-helados-caseros-a-una-red-de-papelerias-tia-tula-celebra-37-anos-de-perseverancia-y-expansion","status":"publish","type":"post","link":"https:\/\/radiocresatelital.com\/?p=27092","title":{"rendered":"De helados caseros a una red de papeler\u00edas: T\u00eda Tula celebra 37 a\u00f1os de perseverancia y expansi\u00f3n"},"content":{"rendered":"<p>Quito.-\u00a0 Con una emotiva ceremonia realizada en su local de la Av. Ilal\u00f3, T\u00eda Tula celebr\u00f3 37 a\u00f1os de historia, perseverancia y crecimiento. Lo que comenz\u00f3 en 1988 como un peque\u00f1o negocio familiar que vend\u00eda helados caseros y \u00fatiles escolares desde la sala de una casa, hoy se ha transformado en una s\u00f3lida red de 10 locales en el Valle de Los Chillos, con productos propios, una operaci\u00f3n de importaci\u00f3n directa y un firme compromiso con la comunidad.<\/p>\n<p>El evento rindi\u00f3 homenaje a la fundadora Tula Isabel Herrera, as\u00ed como al liderazgo de sus hijas Judith, Lizbeth y Edith C\u00e1rdenas, quienes han guiado la evoluci\u00f3n del negocio con visi\u00f3n, trabajo y vocaci\u00f3n de servicio. Clientes, colaboradores y aliados estrat\u00e9gicos participaron de la jornada, recordando los inicios del emprendimiento y celebrando su impacto actual en la econom\u00eda local.<\/p>\n<p>Desde su primer local en la intersecci\u00f3n de Colombia 252 y Leopoldo Mercado, T\u00eda Tula ha crecido de forma sostenida, generando empleo para 55 familias y fortaleciendo el comercio en uno de los sectores m\u00e1s din\u00e1micos del valle. Su apuesta por un servicio c\u00e1lido, personalizado y cercano ha sido clave para mantenerse vigente en un entorno competitivo.<\/p>\n<p>Actualmente, la empresa consolida su operaci\u00f3n mediante un canal de importaci\u00f3n propio, que le permite ampliar su oferta y mejorar su competitividad. Adem\u00e1s, ha iniciado un proceso de modernizaci\u00f3n operativa, con el fortalecimiento de su gesti\u00f3n mayorista y la incorporaci\u00f3n progresiva de soluciones digitales para optimizar la atenci\u00f3n al cliente y los procesos internos.<\/p>\n<p>M\u00e1s all\u00e1 de los n\u00fameros, T\u00eda Tula representa una historia de compromiso social. Ha acompa\u00f1ado a generaciones de estudiantes y familias, convirti\u00e9ndose en un referente de confianza, tradici\u00f3n y cercan\u00eda. Frases como \u201c\u00a1Yo compraba aqu\u00ed de peque\u00f1o!\u201d o \u201cT\u00eda Tula siempre ha estado ah\u00ed\u201d reflejan el arraigo emocional que la marca ha construido con su comunidad.<\/p>\n<p>Despu\u00e9s de 37 a\u00f1os, T\u00eda Tula contin\u00faa escribiendo su historia con determinaci\u00f3n, visi\u00f3n empresarial y el mismo esp\u00edritu familiar que dio origen a todo: el coraz\u00f3n en cada decisi\u00f3n.<\/p>\n","protected":false},"excerpt":{"rendered":"<p>Quito.-\u00a0 Con una emotiva ceremonia realizada en su local de la Av. Ilal\u00f3, T\u00eda Tula celebr\u00f3 37 a\u00f1os de historia, perseverancia y crecimiento. Lo que comenz\u00f3 en 1988 como un peque\u00f1o negocio familiar que vend\u00eda helados caseros y \u00fatiles escolares desde la sala de una casa, hoy se ha transformado en una s\u00f3lida red de [&hellip;]<\/p>\n","protected":false},"author":2,"featured_media":27093,"comment_status":"open","ping_status":"closed","sticky":false,"template":"","format":"standard","meta":{"_jetpack_memberships_contains_paid_content":false,"footnotes":""},"categories":[13],"tags":[4283],"class_list":["post-27092","post","type-post","status-publish","format-standard","has-post-thumbnail","hentry","category-noticias-nacionales","tag-tia-tula"],"jetpack_featured_media_url":"https:\/\/radiocresatelital.com\/wp-content\/uploads\/2025\/04\/WhatsApp-Image-2025-04-28-at-13.23.02.jpeg","jetpack_sharing_enabled":true,"_links":{"self":[{"href":"https:\/\/radiocresatelital.com\/index.php?rest_route=\/wp\/v2\/posts\/27092","targetHints":{"allow":["GET"]}}],"collection":[{"href":"https:\/\/radiocresatelital.com\/index.php?rest_route=\/wp\/v2\/posts"}],"about":[{"href":"https:\/\/radiocresatelital.com\/index.php?rest_route=\/wp\/v2\/types\/post"}],"author":[{"embeddable":true,"href":"https:\/\/radiocresatelital.com\/index.php?rest_route=\/wp\/v2\/users\/2"}],"replies":[{"embeddable":true,"href":"https:\/\/radiocresatelital.com\/index.php?rest_route=%2Fwp%2Fv2%2Fcomments&post=27092"}],"version-history":[{"count":1,"href":"https:\/\/radiocresatelital.com\/index.php?rest_route=\/wp\/v2\/posts\/27092\/revisions"}],"predecessor-version":[{"id":27094,"href":"https:\/\/radiocresatelital.com\/index.php?rest_route=\/wp\/v2\/posts\/27092\/revisions\/27094"}],"wp:featuredmedia":[{"embeddable":true,"href":"https:\/\/radiocresatelital.com\/index.php?rest_route=\/wp\/v2\/media\/27093"}],"wp:attachment":[{"href":"https:\/\/radiocresatelital.com\/index.php?rest_route=%2Fwp%2Fv2%2Fmedia&parent=27092"}],"wp:term":[{"taxonomy":"category","embeddable":true,"href":"https:\/\/radiocresatelital.com\/index.php?rest_route=%2Fwp%2Fv2%2Fcategories&post=27092"},{"taxonomy":"post_tag","embeddable":true,"href":"https:\/\/radiocresatelital.com\/index.php?rest_route=%2Fwp%2Fv2%2Ftags&post=27092"}],"curies":[{"name":"wp","href":"https:\/\/api.w.org\/{rel}","templated":true}]}}