{"id":27089,"date":"2025-04-28T20:21:17","date_gmt":"2025-04-28T20:21:17","guid":{"rendered":"https:\/\/radiocresatelital.com\/?p=27089"},"modified":"2025-04-28T22:23:42","modified_gmt":"2025-04-28T22:23:42","slug":"solo-3-de-cada-10-ecuatorianos-ejerce-la-profesion-que-sonaba","status":"publish","type":"post","link":"https:\/\/radiocresatelital.com\/?p=27089","title":{"rendered":"S\u00f3lo 3 de cada 10 ecuatorianos ejerce la profesi\u00f3n que so\u00f1aba"},"content":{"rendered":"<p>Quito.- En el marco del D\u00eda de la Persona Trabajadora, Multitrabajos, el portal de empleo l\u00edder de empleo de Latinoam\u00e9rica, presenta el estudio \u00bfTrabajas en lo que so\u00f1abas?, el cu\u00e1l revela que el 73% de las personas trabajadoras no ejerce la profesi\u00f3n que so\u00f1aba en su ni\u00f1ez. El porcentaje de Ecuador es el segundo m\u00e1s bajo de la regi\u00f3n. Argentina lidera la tendencia con el 79%, seguida por Panam\u00e1 (75%), Chile (74%) y Per\u00fa (62%).<\/p>\n<p>Adem\u00e1s, esta tendencia aument\u00f3 4 puntos porcentuales respecto a la edici\u00f3n anterior del estudio en 2024, cuando el 69% de los ecuatorianos afirmaba lo mismo, y se mantuvo igual con respecto a 2021.<\/p>\n<p>Sin embargo, al consultar a las personas trabajadoras sobre c\u00f3mo se sienten al trabajar en algo diferente a lo que so\u00f1aban y\/o estudiaron, el 64% de los talentos se mostraron optimistas. Entre sus respuestas destacan razones como: estar felices porque encontraron su verdadera vocaci\u00f3n; sentirse satisfechos, ya que lo que las personas quieren en la ni\u00f1ez o adolescencia no necesariamente es lo mejor; estar agradecidos por tener trabajo, aunque no sea en el \u00e1rea que estudiaron o so\u00f1aron; y sentirse esperanzados, debido a que est\u00e1n utilizando esta experiencia para explorar nuevas \u00e1reas y ampliar sus horizontes profesionales.<\/p>\n<p>En contraste, solo el 36% dijo sentirse insatisfecho o frustrado, debido a que est\u00e1n tratando de enfocarse en c\u00f3mo su trabajo actual puede aportar a su desarrollo profesional, considerando que no est\u00e1n ejerciendo la profesi\u00f3n que so\u00f1aban o estudiaron.<\/p>\n<p>\u201cLa incongruencia entre los sue\u00f1os y la realidad profesional es una tendencia creciente en Ecuador: el 73% de los talentos no trabaja en la profesi\u00f3n que so\u00f1aba en su infancia. Sin embargo, esta diferencia no siempre se traduce en una experiencia negativa. El 64% de las personas trabajadoras se muestra optimista pese a desempe\u00f1arse en un \u00e1rea distinta a la que so\u00f1aba o estudi\u00f3, lo que refleja una alta capacidad de adaptaci\u00f3n y resignificaci\u00f3n del camino laboral\u201d, explica Miguel Bechara, Regional Enterprise Sales Director Ecuador &amp; Panam\u00e1 en Jobint.<\/p>\n<p>\u00bfTrabajas en lo que so\u00f1abas? es un estudio de Multitrabajos en el que participaron 3.183 personas trabajadoras de Ecuador, Argentina, Chile, Panam\u00e1 y Per\u00fa. La investigaci\u00f3n explora si los talentos ejercen la profesi\u00f3n con la que so\u00f1aban en su infancia y para la que estudiaron, y c\u00f3mo impacta la incongruencia entre sus aspiraciones y su realidad laboral.<\/p>\n<p>9 de cada 10 personas trabajadoras cambiar\u00edan su profesi\u00f3n actual<\/p>\n<p>Al preguntarles puntualmente a los talentos si no poder trabajar en lo que so\u00f1aban les provoca frustraci\u00f3n, el 60% de las personas trabajadoras expresa sentirse frustrado por no haber alcanzado sus sue\u00f1os laborales. Por otro lado, el 32% se\u00f1ala que no se siente frustrado, ya que sus intereses cambiaron con el tiempo y ahora le atraen otras profesiones; y el 8% restante no experimenta frustraci\u00f3n porque considera que su sue\u00f1o original era demasiado dif\u00edcil de lograr.<\/p>\n<p>En este contexto, el 85% de los talentos cambiar\u00eda su actual ocupaci\u00f3n por la que so\u00f1aba en su ni\u00f1ez si tuviera la oportunidad; mientras que el 15% prefiere mantener su situaci\u00f3n actual.<\/p>\n<p>8 de cada 10 talentos no est\u00e1n conformes con su empleo actual<\/p>\n<p>El 80% de los talentos afirma no sentirse satisfecho con su trabajo actual. Esto representa un aumento de 3 puntos porcentuales respecto a 2024, cuando la insatisfacci\u00f3n era del 77%, y 15 puntos porcentuales en comparaci\u00f3n al 2021.<\/p>\n","protected":false},"excerpt":{"rendered":"<p>Quito.- En el marco del D\u00eda de la Persona Trabajadora, Multitrabajos, el portal de empleo l\u00edder de empleo de Latinoam\u00e9rica, presenta el estudio \u00bfTrabajas en lo que so\u00f1abas?, el cu\u00e1l revela que el 73% de las personas trabajadoras no ejerce la profesi\u00f3n que so\u00f1aba en su ni\u00f1ez. El porcentaje de Ecuador es el segundo m\u00e1s [&hellip;]<\/p>\n","protected":false},"author":2,"featured_media":27090,"comment_status":"open","ping_status":"closed","sticky":false,"template":"","format":"standard","meta":{"_jetpack_memberships_contains_paid_content":false,"footnotes":""},"categories":[13],"tags":[2128],"class_list":["post-27089","post","type-post","status-publish","format-standard","has-post-thumbnail","hentry","category-noticias-nacionales","tag-multitrabajos"],"jetpack_featured_media_url":"https:\/\/radiocresatelital.com\/wp-content\/uploads\/2025\/04\/WhatsApp-Image-2025-04-28-at-09.57.24.jpeg","jetpack_sharing_enabled":true,"_links":{"self":[{"href":"https:\/\/radiocresatelital.com\/index.php?rest_route=\/wp\/v2\/posts\/27089","targetHints":{"allow":["GET"]}}],"collection":[{"href":"https:\/\/radiocresatelital.com\/index.php?rest_route=\/wp\/v2\/posts"}],"about":[{"href":"https:\/\/radiocresatelital.com\/index.php?rest_route=\/wp\/v2\/types\/post"}],"author":[{"embeddable":true,"href":"https:\/\/radiocresatelital.com\/index.php?rest_route=\/wp\/v2\/users\/2"}],"replies":[{"embeddable":true,"href":"https:\/\/radiocresatelital.com\/index.php?rest_route=%2Fwp%2Fv2%2Fcomments&post=27089"}],"version-history":[{"count":1,"href":"https:\/\/radiocresatelital.com\/index.php?rest_route=\/wp\/v2\/posts\/27089\/revisions"}],"predecessor-version":[{"id":27091,"href":"https:\/\/radiocresatelital.com\/index.php?rest_route=\/wp\/v2\/posts\/27089\/revisions\/27091"}],"wp:featuredmedia":[{"embeddable":true,"href":"https:\/\/radiocresatelital.com\/index.php?rest_route=\/wp\/v2\/media\/27090"}],"wp:attachment":[{"href":"https:\/\/radiocresatelital.com\/index.php?rest_route=%2Fwp%2Fv2%2Fmedia&parent=27089"}],"wp:term":[{"taxonomy":"category","embeddable":true,"href":"https:\/\/radiocresatelital.com\/index.php?rest_route=%2Fwp%2Fv2%2Fcategories&post=27089"},{"taxonomy":"post_tag","embeddable":true,"href":"https:\/\/radiocresatelital.com\/index.php?rest_route=%2Fwp%2Fv2%2Ftags&post=27089"}],"curies":[{"name":"wp","href":"https:\/\/api.w.org\/{rel}","templated":true}]}}