{"id":2705,"date":"2023-08-16T18:02:34","date_gmt":"2023-08-16T18:02:34","guid":{"rendered":"https:\/\/radiocresatelital.com\/?p=2705"},"modified":"2023-08-16T18:02:34","modified_gmt":"2023-08-16T18:02:34","slug":"100-mil-uniformados-participaran-en-los-operativos-de-seguridad-durante-las-elecciones-anticipadas-2023","status":"publish","type":"post","link":"https:\/\/radiocresatelital.com\/?p=2705","title":{"rendered":"100 mil uniformados participar\u00e1n en los operativos de seguridad durante las Elecciones Anticipadas 2023"},"content":{"rendered":"<p>Quito.- Cerca de 100 mil uniformados de Polic\u00eda Nacional y Fuerzas Armadas garantizar\u00e1n el orden p\u00fablico y la seguridad de los ecuatorianos, el pr\u00f3ximo domingo 20 de agosto, durante las Elecciones Anticipadas 2023, as\u00ed lo inform\u00f3 hoy durante rueda de prensa, el ministro del Interior, Juan Zapata. De la cifra total, 53.707 servidores pertenecen a la Polic\u00eda Nacional.<\/p>\n<p>El Ministro se\u00f1al\u00f3 que durante este proceso electoral 44 candidatos solicitaron seguridad, la cual est\u00e1 confirmada hasta el d\u00eda que ejerzan el voto, posterior a ello se realizar\u00e1 un an\u00e1lisis para determinar si se contin\u00faa o no con la protecci\u00f3n. Puntualiz\u00f3 que los postulantes que pidieron seguridad pertenecen a las provincias de Esmeraldas, Guayas, Manab\u00ed, Ca\u00f1ar y Santo Domingo.<\/p>\n<p>Aclar\u00f3, tambi\u00e9n, que desde el jueves 17 de agosto que se inicia el voto para las Personas Privadas de Libertad (PPL) ya se activar\u00e1n los tres puestos de mando para monitorear el proceso electoral. \u201cEl Puesto de Mando Unificado se instalar\u00e1 en el ECU-911 de Quito, habr\u00e1 un Puesto de Mando Estrat\u00e9gico en la Comandancia General de Polic\u00eda y un Puesto de Mando Operativo en cada zona y subzona\u201d, refiri\u00f3 la m\u00e1xima autoridad del Ministerio. A trav\u00e9s de estos mandos, el Ministro dijo que se obtendr\u00e1 informaci\u00f3n de los ejes de investigaci\u00f3n e inteligencia.<\/p>\n<p>De su parte, el comandante general de la Polic\u00eda Nacional, Fausto Salinas, apunt\u00f3 que la instituci\u00f3n ya mantiene activado el dispositivo de seguridad en el territorio nacional, para garantizar el desarrollo adecuado del proceso electoral.<\/p>\n<p>\u201cEl jueves 17 se inicia con el voto de las PPL; el viernes 18, voto en casa; y el domingo 20, voto general. Los 53.307 polic\u00edas cubrir\u00e1n la seguridad en los recintos y delegaciones provinciales, atenci\u00f3n a la seguridad ciudadana y orden p\u00fablico, operaciones preventivas en diferentes jurisdicciones, entre otras\u201d, se\u00f1al\u00f3.<\/p>\n<p>Los medios log\u00edsticos que se utilizar\u00e1n durante el proceso son: 4.888 veh\u00edculos, 4.800 motocicletas, tres blindados, siete aeronaves, 22 mil radios, entre otros medios. \u201cSe reforzar\u00e1n algunas delegaciones, bodegas y centros de procesamiento electoral. La principal tarea de la Polic\u00eda Nacional es la seguridad externa de los recintos electorales\u201d, puntualiz\u00f3.<\/p>\n<p>En tanto, Nilo Estrada, director de operaciones del Comando Conjunto de las Fuerzas Armadas coment\u00f3 que en las Elecciones Anticipadas 2023 participar\u00e1n 39 mil militares. \u201cDesde hoy, a las 21h00, todo el personal militar deber\u00e1 custodiar los diferentes recintos electorales a fin de garantizar la seguridad y tomar previsiones ante posibles actos de inseguridad, el trabajo es coordinado con Polic\u00eda Nacional, liderado por el Consejo Nacional Electoral (CNE)\u201d, detall\u00f3. Dijo tambi\u00e9n que inteligencia policial y militar identifican sitios de mayor peligrosidad para evitar cualquier inconveniente.<\/p>\n<p>Mientras que la presidenta del Consejo Nacional Electoral (CNE), Diana Atamaint, indic\u00f3 que todo est\u00e1 preparado para que las elecciones del domingo 20 de agosto se desarrollen con tranquilidad y seguridad. \u201cLa Polic\u00eda Nacional, Fuerzas Armadas, CNE y la Mesa de Seguridad trabajan para salvaguardar la vida de los ecuatorianos para que ejerzamos el derecho a votar, elegir y ser elegidos\u201d, declar\u00f3.<\/p>\n","protected":false},"excerpt":{"rendered":"<p>Quito.- Cerca de 100 mil uniformados de Polic\u00eda Nacional y Fuerzas Armadas garantizar\u00e1n el orden p\u00fablico y la seguridad de los ecuatorianos, el pr\u00f3ximo domingo 20 de agosto, durante las Elecciones Anticipadas 2023, as\u00ed lo inform\u00f3 hoy durante rueda de prensa, el ministro del Interior, Juan Zapata. De la cifra total, 53.707 servidores pertenecen a [&hellip;]<\/p>\n","protected":false},"author":2,"featured_media":2706,"comment_status":"open","ping_status":"closed","sticky":false,"template":"","format":"standard","meta":{"_jetpack_memberships_contains_paid_content":false,"footnotes":""},"categories":[13],"tags":[318],"class_list":["post-2705","post","type-post","status-publish","format-standard","has-post-thumbnail","hentry","category-noticias-nacionales","tag-cne"],"jetpack_featured_media_url":"https:\/\/radiocresatelital.com\/wp-content\/uploads\/2023\/08\/CNE.png","jetpack_sharing_enabled":true,"_links":{"self":[{"href":"https:\/\/radiocresatelital.com\/index.php?rest_route=\/wp\/v2\/posts\/2705","targetHints":{"allow":["GET"]}}],"collection":[{"href":"https:\/\/radiocresatelital.com\/index.php?rest_route=\/wp\/v2\/posts"}],"about":[{"href":"https:\/\/radiocresatelital.com\/index.php?rest_route=\/wp\/v2\/types\/post"}],"author":[{"embeddable":true,"href":"https:\/\/radiocresatelital.com\/index.php?rest_route=\/wp\/v2\/users\/2"}],"replies":[{"embeddable":true,"href":"https:\/\/radiocresatelital.com\/index.php?rest_route=%2Fwp%2Fv2%2Fcomments&post=2705"}],"version-history":[{"count":1,"href":"https:\/\/radiocresatelital.com\/index.php?rest_route=\/wp\/v2\/posts\/2705\/revisions"}],"predecessor-version":[{"id":2707,"href":"https:\/\/radiocresatelital.com\/index.php?rest_route=\/wp\/v2\/posts\/2705\/revisions\/2707"}],"wp:featuredmedia":[{"embeddable":true,"href":"https:\/\/radiocresatelital.com\/index.php?rest_route=\/wp\/v2\/media\/2706"}],"wp:attachment":[{"href":"https:\/\/radiocresatelital.com\/index.php?rest_route=%2Fwp%2Fv2%2Fmedia&parent=2705"}],"wp:term":[{"taxonomy":"category","embeddable":true,"href":"https:\/\/radiocresatelital.com\/index.php?rest_route=%2Fwp%2Fv2%2Fcategories&post=2705"},{"taxonomy":"post_tag","embeddable":true,"href":"https:\/\/radiocresatelital.com\/index.php?rest_route=%2Fwp%2Fv2%2Ftags&post=2705"}],"curies":[{"name":"wp","href":"https:\/\/api.w.org\/{rel}","templated":true}]}}