{"id":27047,"date":"2025-04-28T20:56:32","date_gmt":"2025-04-28T20:56:32","guid":{"rendered":"https:\/\/radiocresatelital.com\/?p=27047"},"modified":"2025-04-28T20:56:32","modified_gmt":"2025-04-28T20:56:32","slug":"ecuador-intensifica-la-vacunacion-contra-el-tetanos-y-la-difteria-en-la-semana-de-vacunacion-en-las-americas","status":"publish","type":"post","link":"https:\/\/radiocresatelital.com\/?p=27047","title":{"rendered":"Ecuador intensifica la vacunaci\u00f3n contra el t\u00e9tanos y la difteria en la Semana de Vacunaci\u00f3n en las Am\u00e9ricas"},"content":{"rendered":"<p>Quito.- En la Unidad Educativa Experimental Manuela Ca\u00f1izares, en Quito, se dio inicio a la Semana de Vacunaci\u00f3n de las Am\u00e9ricas (SVA) 2025. Este a\u00f1o Ecuador prioriza la protecci\u00f3n contra el t\u00e9tanos y la difteria en poblaci\u00f3n de 7 a 75 a\u00f1os, hasta el 30 de junio.<\/p>\n<p>Para esta campa\u00f1a se invirtieron USD 838 mil para adquirir 2.2 millones de dosis y se intensificar\u00e1n las actividades de vacunaci\u00f3n masiva, as\u00ed como las campa\u00f1as de concientizaci\u00f3n y educaci\u00f3n.<\/p>\n<p>El evento cont\u00f3 con la participaci\u00f3n de los Ministerios de Salud y Educaci\u00f3n con el apoyo de la Organizaci\u00f3n Panamericana de la Salud (OPS\/OMS).<\/p>\n<p>Sonia Quezada, representante de la Organizaci\u00f3n Panamericana de la Salud en Ecuador (OPS\/OMS), inform\u00f3 que se estima la aplicaci\u00f3n de 66.5 millones de dosis de vacunas en diversos pa\u00edses de la regi\u00f3n durante la actual Semana de Vacunaci\u00f3n de las Am\u00e9ricas (SVA). Adicionalmente, mencion\u00f3 alertas regionales por tosferina y fiebre amarilla. \u00abEn esta oportunidad, reafirmamos nuestro compromiso de fortalecer la vacunaci\u00f3n y colaborar en la adquisici\u00f3n de vacunas seguras a trav\u00e9s de nuestro fondo rotatorio\u201d.<\/p>\n<p>Por su lado, el viceministro de Gesti\u00f3n Educativa del Ministerio de Educaci\u00f3n, Jaime Medina, destac\u00f3 el firme compromiso del sector educativo con esta iniciativa, se\u00f1alando que se suman activamente para garantizar la protecci\u00f3n de 4.1 millones de estudiantes y m\u00e1s de 200 mil docentes y personal administrativo contra estas enfermedades. Subray\u00f3 la priorizaci\u00f3n de la campa\u00f1a de vacunaci\u00f3n en establecimientos educativos ubicados en zonas afectadas por problemas invernales y en el contexto del pr\u00f3ximo inicio de clases, programado para el 5 de mayo, asegurando as\u00ed un entorno escolar m\u00e1s seguro y saludable desde el comienzo del ciclo lectivo.<\/p>\n<p>Durante la inauguraci\u00f3n, el Ministro de Salud, Edgar Lama, destac\u00f3 la participaci\u00f3n de Ecuador entre los 40 pa\u00edses que se unen a este esfuerzo. Subray\u00f3 el impacto positivo de la vacunaci\u00f3n, que ha permitidos \u201cerradicar la viruela, y disminuir la incidencia de enfermedades como el sarampi\u00f3n, la difteria, la tosferina, el t\u00e9tanos y la hepatitis B\u201d.<\/p>\n<p>A\u00f1adi\u00f3 adem\u00e1s que, \u201cel Gobierno Nacional ha asignado 48 millones de d\u00f3lares para la adquisici\u00f3n de vacunas del 2025\u201d. Al finalizar motiv\u00f3 a padres, madres y cuidadores para \u201clograr un Ecuador libre de las enfermedades prevenibles por vacunaci\u00f3n\u201d.<\/p>\n<p>Esta campa\u00f1a de vacunaci\u00f3n prioriza a mujeres de 7 a 75 a\u00f1os, incluyendo embarazadas, debido a su vulnerabilidad ante cortaduras o lesiones. Asimismo, se dirige a hombres de 7 a 75 a\u00f1os que no hayan completado el esquema de vacunaci\u00f3n contra el t\u00e9tanos (m\u00ednimo 5 dosis).<\/p>\n<p>Adicionalmente, se enfoca en grupos con mayor riesgo de contraer la enfermedad, como trabajadores agr\u00edcolas, ganaderos, de limpieza, mantenimiento, mec\u00e1nicos, personal de granjas, salud (estudiantes y profesionales). Bomberos, comerciantes (en mercados y ambulantes), diversos artesanos, personas con heridas contaminadas y viajeros a zonas end\u00e9micas.<\/p>\n","protected":false},"excerpt":{"rendered":"<p>Quito.- En la Unidad Educativa Experimental Manuela Ca\u00f1izares, en Quito, se dio inicio a la Semana de Vacunaci\u00f3n de las Am\u00e9ricas (SVA) 2025. Este a\u00f1o Ecuador prioriza la protecci\u00f3n contra el t\u00e9tanos y la difteria en poblaci\u00f3n de 7 a 75 a\u00f1os, hasta el 30 de junio. Para esta campa\u00f1a se invirtieron USD 838 mil [&hellip;]<\/p>\n","protected":false},"author":2,"featured_media":27048,"comment_status":"open","ping_status":"closed","sticky":false,"template":"","format":"standard","meta":{"_jetpack_memberships_contains_paid_content":false,"footnotes":""},"categories":[13],"tags":[4274,4273],"class_list":["post-27047","post","type-post","status-publish","format-standard","has-post-thumbnail","hentry","category-noticias-nacionales","tag-semana-de-vacunacion-de-las-americas","tag-unidad-educativa-experimental-manuela-canizares"],"jetpack_featured_media_url":"https:\/\/radiocresatelital.com\/wp-content\/uploads\/2025\/04\/Noticia_previa_vacunacion.jpeg","jetpack_sharing_enabled":true,"_links":{"self":[{"href":"https:\/\/radiocresatelital.com\/index.php?rest_route=\/wp\/v2\/posts\/27047","targetHints":{"allow":["GET"]}}],"collection":[{"href":"https:\/\/radiocresatelital.com\/index.php?rest_route=\/wp\/v2\/posts"}],"about":[{"href":"https:\/\/radiocresatelital.com\/index.php?rest_route=\/wp\/v2\/types\/post"}],"author":[{"embeddable":true,"href":"https:\/\/radiocresatelital.com\/index.php?rest_route=\/wp\/v2\/users\/2"}],"replies":[{"embeddable":true,"href":"https:\/\/radiocresatelital.com\/index.php?rest_route=%2Fwp%2Fv2%2Fcomments&post=27047"}],"version-history":[{"count":1,"href":"https:\/\/radiocresatelital.com\/index.php?rest_route=\/wp\/v2\/posts\/27047\/revisions"}],"predecessor-version":[{"id":27049,"href":"https:\/\/radiocresatelital.com\/index.php?rest_route=\/wp\/v2\/posts\/27047\/revisions\/27049"}],"wp:featuredmedia":[{"embeddable":true,"href":"https:\/\/radiocresatelital.com\/index.php?rest_route=\/wp\/v2\/media\/27048"}],"wp:attachment":[{"href":"https:\/\/radiocresatelital.com\/index.php?rest_route=%2Fwp%2Fv2%2Fmedia&parent=27047"}],"wp:term":[{"taxonomy":"category","embeddable":true,"href":"https:\/\/radiocresatelital.com\/index.php?rest_route=%2Fwp%2Fv2%2Fcategories&post=27047"},{"taxonomy":"post_tag","embeddable":true,"href":"https:\/\/radiocresatelital.com\/index.php?rest_route=%2Fwp%2Fv2%2Ftags&post=27047"}],"curies":[{"name":"wp","href":"https:\/\/api.w.org\/{rel}","templated":true}]}}