{"id":27044,"date":"2025-04-28T20:52:48","date_gmt":"2025-04-28T20:52:48","guid":{"rendered":"https:\/\/radiocresatelital.com\/?p=27044"},"modified":"2025-04-28T20:52:48","modified_gmt":"2025-04-28T20:52:48","slug":"msp-despliega-acciones-ante-caso-de-fiebre-amarilla-en-zamora-chinchipe","status":"publish","type":"post","link":"https:\/\/radiocresatelital.com\/?p=27044","title":{"rendered":"MSP despliega acciones ante caso de fiebre amarilla en Zamora Chinchipe"},"content":{"rendered":"<p>Zamora Chinpipe.- Tras la confirmaci\u00f3n del primer caso de fiebre amarilla en la provincia de Zamora Chinchipe, el Ministerio de Salud P\u00fablica (MSP), en coordinaci\u00f3n con el Instituto Nacional de Investigaci\u00f3n en Salud P\u00fablica (INSPI) y la Organizaci\u00f3n Panamericana de la Salud (OPS\/OMS), despleg\u00f3 acciones para evaluar la existencia de riesgos y tomar las medidas necesarias para proteger a la poblaci\u00f3n.<\/p>\n<p>Equipos del Distrito de Salud Yacuambi-Zamora (parroquia San Carlos) realizaron un amplio barrido, monitoreando 916 viviendas en Zamora y Yacuambi; adem\u00e1s, de inspeccionar campamentos y zonas rurales. Estos trabajos permitieron identificar criaderos del mosquito Aedes aegypti, vector de la enfermedad, y se complementan con intensas campa\u00f1as de educaci\u00f3n para la salud, vacunaci\u00f3n y la activa participaci\u00f3n de l\u00edderes comunitarios.<\/p>\n<p>Un total de 44 brigadas est\u00e1n interviniendo activamente en los sectores priorizados, reforzando las acciones preventivas y de control en las 11 unidades de salud del cant\u00f3n Zamora. Como parte de la estrategia, se realizar\u00e1n fumigaciones dentro como fuera de las viviendas. Paralelamente, el personal de<br \/>\nsalud intensifica la socializaci\u00f3n de los s\u00edntomas de detecci\u00f3n precoz de la fiebre amarilla y las medidas de prevenci\u00f3n entre la comunidad.<\/p>\n<p>Una estrategia clave es la vacunaci\u00f3n, priorizando a los grupos de mayor riesgo: poblaci\u00f3n entre 12 meses y 59 a\u00f1os, personas en movilidad humana, mineros, agricultores, trabajadores de av\u00edcolas y aquellos que planean viajar a zonas end\u00e9micas. 439 personas fueron vacunadas y se insiste a viajeros la importancia de hacerlos, al menos 10 d\u00edas, antes de su viaje.<\/p>\n<p>Para una detecci\u00f3n temprana y una respuesta eficaz ante posibles brotes, se instalar\u00e1n diversas trampas entomol\u00f3gicas con el apoyo del INSPI, permitiendo la identificaci\u00f3n y mitigaci\u00f3n r\u00e1pida de la enfermedad. Asimismo, los equipos de atenci\u00f3n integral en salud est\u00e1n llevando a cabo pesquisas de larvas y pupas para controlar los focos de reproducci\u00f3n del mosquito.<\/p>\n<p>El MSP enfatiza que los s\u00edntomas de la fiebre amarilla incluyen principalmente fiebre e ictericia (coloraci\u00f3n amarillenta de piel y ojos); adem\u00e1s, dolores musculares, n\u00e1useas y v\u00f3mitos. Si se presentan los dos primeros, no se automedique y acuda de inmediato al centro de salud m\u00e1s cercano Se puede prevenir la fiebre amarilla con la vacunaci\u00f3n, el uso constante de repelentes contra mosquitos y ropa que cubre la mayor parte del cuerpo. La eliminaci\u00f3n de cualquier recipiente que pueda acumular agua y convertirse en un peligroso criadero de mosquitos.<\/p>\n","protected":false},"excerpt":{"rendered":"<p>Zamora Chinpipe.- Tras la confirmaci\u00f3n del primer caso de fiebre amarilla en la provincia de Zamora Chinchipe, el Ministerio de Salud P\u00fablica (MSP), en coordinaci\u00f3n con el Instituto Nacional de Investigaci\u00f3n en Salud P\u00fablica (INSPI) y la Organizaci\u00f3n Panamericana de la Salud (OPS\/OMS), despleg\u00f3 acciones para evaluar la existencia de riesgos y tomar las medidas [&hellip;]<\/p>\n","protected":false},"author":2,"featured_media":27045,"comment_status":"open","ping_status":"closed","sticky":false,"template":"","format":"standard","meta":{"_jetpack_memberships_contains_paid_content":false,"footnotes":""},"categories":[13,1023],"tags":[148],"class_list":["post-27044","post","type-post","status-publish","format-standard","has-post-thumbnail","hentry","category-noticias-nacionales","category-salud","tag-ministerio-de-salud-publica"],"jetpack_featured_media_url":"https:\/\/radiocresatelital.com\/wp-content\/uploads\/2025\/04\/IMG-20250426-WA0182-1024x768-1.jpg","jetpack_sharing_enabled":true,"_links":{"self":[{"href":"https:\/\/radiocresatelital.com\/index.php?rest_route=\/wp\/v2\/posts\/27044","targetHints":{"allow":["GET"]}}],"collection":[{"href":"https:\/\/radiocresatelital.com\/index.php?rest_route=\/wp\/v2\/posts"}],"about":[{"href":"https:\/\/radiocresatelital.com\/index.php?rest_route=\/wp\/v2\/types\/post"}],"author":[{"embeddable":true,"href":"https:\/\/radiocresatelital.com\/index.php?rest_route=\/wp\/v2\/users\/2"}],"replies":[{"embeddable":true,"href":"https:\/\/radiocresatelital.com\/index.php?rest_route=%2Fwp%2Fv2%2Fcomments&post=27044"}],"version-history":[{"count":1,"href":"https:\/\/radiocresatelital.com\/index.php?rest_route=\/wp\/v2\/posts\/27044\/revisions"}],"predecessor-version":[{"id":27046,"href":"https:\/\/radiocresatelital.com\/index.php?rest_route=\/wp\/v2\/posts\/27044\/revisions\/27046"}],"wp:featuredmedia":[{"embeddable":true,"href":"https:\/\/radiocresatelital.com\/index.php?rest_route=\/wp\/v2\/media\/27045"}],"wp:attachment":[{"href":"https:\/\/radiocresatelital.com\/index.php?rest_route=%2Fwp%2Fv2%2Fmedia&parent=27044"}],"wp:term":[{"taxonomy":"category","embeddable":true,"href":"https:\/\/radiocresatelital.com\/index.php?rest_route=%2Fwp%2Fv2%2Fcategories&post=27044"},{"taxonomy":"post_tag","embeddable":true,"href":"https:\/\/radiocresatelital.com\/index.php?rest_route=%2Fwp%2Fv2%2Ftags&post=27044"}],"curies":[{"name":"wp","href":"https:\/\/api.w.org\/{rel}","templated":true}]}}