{"id":26993,"date":"2025-04-26T01:38:43","date_gmt":"2025-04-26T01:38:43","guid":{"rendered":"https:\/\/radiocresatelital.com\/?p=26993"},"modified":"2025-04-26T01:38:43","modified_gmt":"2025-04-26T01:38:43","slug":"manta-se-transforma-con-nueva-zona-inclusiva-en-el-gobierno-del-presidente-daniel-noboa","status":"publish","type":"post","link":"https:\/\/radiocresatelital.com\/?p=26993","title":{"rendered":"Manta se transforma con nueva zona inclusiva en el gobierno del presidente Daniel Noboa"},"content":{"rendered":"<div class=\"row\">\n<section id=\"postcontent\" class=\"col-md-9 col-sm-6 line-right\">Manta.- En un hito importante para la inclusi\u00f3n social y el urbanismo accesible, el Ministerio de Desarrollo Urbano y Vivienda (Miduvi) y el Gobierno Aut\u00f3nomo Descentralizado de Manta firmaron un Convenio de Cooperaci\u00f3n Interinstitucional para ejecutar la Zona Inclusiva del Parque Urbirr\u00edos 1, un espacio recreativo p\u00fablico pensado para integrar a personas con y sin discapacidad.<\/p>\n<p>El proyecto contempla una inversi\u00f3n total de USD 150.743,63 y beneficiar\u00e1 directamente a m\u00e1s de 10.000 habitantes del sector, adem\u00e1s de impactar positivamente a toda la poblaci\u00f3n del cant\u00f3n Manta. La ejecuci\u00f3n gener\u00f3 alrededor de 50 plazas de empleo, dinamizando la econom\u00eda local.<\/p>\n<p>Humberto Plaza, ministro de Vivienda, destac\u00f3 que esta obra es una muestra del compromiso del gobierno del presidente Daniel Noboa con el desarrollo social y la equidad:<br \/>\n\u201cEstamos construyendo ciudades m\u00e1s humanas. Esta zona no es solo una obra f\u00edsica, es un espacio donde todas y todos podr\u00e1n compartir, jugar y crecer sin barreras.\u201d<\/p>\n<p>Mar\u00eda Lino, beneficiaria del proyecto, expres\u00f3 emocionada:<br \/>\n\u201cPor primera vez siento que tendr\u00e9 un lugar seguro donde compart\u00ed con mi familia. Esta zona ser\u00e1 un espacio para todos, sin distinci\u00f3n.\u201d<\/p>\n<p>El dise\u00f1o de la zona inclusiva implementada en el Parque Ubirr\u00edos 1, incluye obras complementarias y de urbanismo t\u00e1ctico que mejoran la accesibilidad y el entorno urbano, promoviendo la integraci\u00f3n y la convivencia ciudadana.<\/p>\n<p>Con esta iniciativa, el Gobierno Nacional reafirma su compromiso con una pol\u00edtica p\u00fablica que pone a las personas en el centro, garantizando espacios accesibles, seguros y dignos para todos.<\/p>\n<\/section>\n<\/div>\n","protected":false},"excerpt":{"rendered":"<p>Manta.- En un hito importante para la inclusi\u00f3n social y el urbanismo accesible, el Ministerio de Desarrollo Urbano y Vivienda (Miduvi) y el Gobierno Aut\u00f3nomo Descentralizado de Manta firmaron un Convenio de Cooperaci\u00f3n Interinstitucional para ejecutar la Zona Inclusiva del Parque Urbirr\u00edos 1, un espacio recreativo p\u00fablico pensado para integrar a personas con y sin [&hellip;]<\/p>\n","protected":false},"author":2,"featured_media":26995,"comment_status":"open","ping_status":"closed","sticky":false,"template":"","format":"standard","meta":{"_jetpack_memberships_contains_paid_content":false,"footnotes":""},"categories":[13],"tags":[4269,4268,2847],"class_list":["post-26993","post","type-post","status-publish","format-standard","has-post-thumbnail","hentry","category-noticias-nacionales","tag-convenio-de-cooperacion-interinstitucional","tag-gobierno-autonomo-descentralizado-de-manta","tag-ministerio-de-desarrollo-urbano-y-vivienda"],"jetpack_featured_media_url":"https:\/\/radiocresatelital.com\/wp-content\/uploads\/2025\/04\/DSC_8350-1536x1024-1.jpeg","jetpack_sharing_enabled":true,"_links":{"self":[{"href":"https:\/\/radiocresatelital.com\/index.php?rest_route=\/wp\/v2\/posts\/26993","targetHints":{"allow":["GET"]}}],"collection":[{"href":"https:\/\/radiocresatelital.com\/index.php?rest_route=\/wp\/v2\/posts"}],"about":[{"href":"https:\/\/radiocresatelital.com\/index.php?rest_route=\/wp\/v2\/types\/post"}],"author":[{"embeddable":true,"href":"https:\/\/radiocresatelital.com\/index.php?rest_route=\/wp\/v2\/users\/2"}],"replies":[{"embeddable":true,"href":"https:\/\/radiocresatelital.com\/index.php?rest_route=%2Fwp%2Fv2%2Fcomments&post=26993"}],"version-history":[{"count":1,"href":"https:\/\/radiocresatelital.com\/index.php?rest_route=\/wp\/v2\/posts\/26993\/revisions"}],"predecessor-version":[{"id":26996,"href":"https:\/\/radiocresatelital.com\/index.php?rest_route=\/wp\/v2\/posts\/26993\/revisions\/26996"}],"wp:featuredmedia":[{"embeddable":true,"href":"https:\/\/radiocresatelital.com\/index.php?rest_route=\/wp\/v2\/media\/26995"}],"wp:attachment":[{"href":"https:\/\/radiocresatelital.com\/index.php?rest_route=%2Fwp%2Fv2%2Fmedia&parent=26993"}],"wp:term":[{"taxonomy":"category","embeddable":true,"href":"https:\/\/radiocresatelital.com\/index.php?rest_route=%2Fwp%2Fv2%2Fcategories&post=26993"},{"taxonomy":"post_tag","embeddable":true,"href":"https:\/\/radiocresatelital.com\/index.php?rest_route=%2Fwp%2Fv2%2Ftags&post=26993"}],"curies":[{"name":"wp","href":"https:\/\/api.w.org\/{rel}","templated":true}]}}