{"id":26653,"date":"2025-04-21T18:37:58","date_gmt":"2025-04-21T18:37:58","guid":{"rendered":"https:\/\/radiocresatelital.com\/?p=26653"},"modified":"2025-04-21T21:41:53","modified_gmt":"2025-04-21T21:41:53","slug":"centro-comercial-de-quito-se-ilumino-de-rojo-para-conmemorar-el-dia-mundial-de-la-hemofilia","status":"publish","type":"post","link":"https:\/\/radiocresatelital.com\/?p=26653","title":{"rendered":"Centro Comercial de Quito se ilumin\u00f3 de rojo para conmemorar el D\u00eda Mundial de la Hemofilia"},"content":{"rendered":"<p>Quito.- En el marco del D\u00eda Mundial de la Hemofilia, que se conmemora cada 17 de abril, el Centro Comercial I\u00f1aquito (CCI) se ilumin\u00f3 de rojo, color representativo de esta condici\u00f3n, en un gesto simb\u00f3lico de apoyo a las personas que viven con esta enfermedad. La iniciativa es parte de una alianza de concientizaci\u00f3n, impulsada por Roche, a la cual se sum\u00f3 el CCI, con el objetivo de visibilizar la realidad de quienes conviven con hemofilia, generar conciencia ciudadana y promover una sociedad m\u00e1s emp\u00e1tica e informada.<\/p>\n<p>La hemofilia es un trastorno hemorr\u00e1gico hereditario que impide que la sangre se coagule correctamente. El 99% de los casos afecta a hombres, provocando sangrados espont\u00e1neos o prolongados tras lesiones o intervenciones quir\u00fargicas. Aunque no sangran m\u00e1s r\u00e1pido, las personas con hemofilia enfrentan sangrados m\u00e1s prolongados, ya que su sangre no contiene una cantidad suficiente de factor de coagulaci\u00f3n. El factor de coagulaci\u00f3n es una prote\u00edna de la sangre que controla el sangrado.Clasificada como una enfermedad rara, la hemofilia tiene dos tipos principales: la m\u00e1s com\u00fan es la hemofilia A, caracterizada por la escasez del factor de coagulaci\u00f3n VIII. La hemofilia B, menos frecuente, se debe a la deficiencia del factor de coagulaci\u00f3n IX.<\/p>\n<p>Seg\u00fan el Sondeo Mundial Anual de la Federaci\u00f3n Mundial de Hemofilia, a nivel global se estima que cerca de 257,146 personas viven con hemofilia. En Ecuador, aproximadamente 1,708 personas padecen esta condici\u00f3n, pero apenas el 25% recibe un tratamiento adecuado. Esto significa que cerca de 1,275 pacientes no cuentan con el acceso necesario para controlar su enfermedad. Adem\u00e1s, la farmac\u00e9utica estima que, de esos 1,708 pacientes, unos 755 corresponden a hemofilia tipo A y, de ellos, el 60 % presenta una condici\u00f3n severa, lo que subraya la urgencia de mejorar el acceso a tratamientos efectivos y brindar un acompa\u00f1amiento integral a los pacientes.<\/p>\n<p>\u201c\u00bfTe imaginas a un ni\u00f1o que no puede correr, saltar o simplemente caminar sin temor? \u00bfO a una madre que vive cada d\u00eda con la angustia de no poder evitar que su hijo sufra por un simple golpe? Esta es la realidad para quienes viven con hemofilia en Ecuador. En Roche, queremos transformar esa historia. Una causa que urge ser atendida de manera integral con el compromiso de todos los sectores de la sociedad\u201d, afirma Oana Matei, gerente general de Roche Ecuador.<\/p>\n<p>La ejecutiva destac\u00f3 que la compa\u00f1\u00eda est\u00e1 comprometida con el trabajo conjunto entre sectores p\u00fablico y privado para apoyar a quienes viven con enfermedades raras como esta. Como parte de este compromiso, adem\u00e1s de la alianza con el CCI, Roche llevar\u00e1 a cabo un acto simb\u00f3lico interno para sensibilizar a sus colaboradores sobre esta condici\u00f3n.<\/p>\n<p>Seg\u00fan datos del Ministerio de Salud P\u00fablica (MSP), hasta julio de 2024, aproximadamente 850 pacientes con hemofilia reciben atenci\u00f3n integral en 20 hospitales a nivel nacional. Especialistas en hematolog\u00eda han se\u00f1alado que podr\u00eda existir un subregistro de casos en el pa\u00eds, estimando que el n\u00famero real de personas con hemofilia podr\u00eda superar los 1,000 casos. La hemofilia no solo afecta a quienes la padecen, sino tambi\u00e9n a su entorno familiar. De acuerdo con estudios recientes, cerca del 70% de los cuidadores en Ecuador experimentan altos niveles de estr\u00e9s y ansiedad por la atenci\u00f3n constante que requiere esta condici\u00f3n.<\/p>\n","protected":false},"excerpt":{"rendered":"<p>Quito.- En el marco del D\u00eda Mundial de la Hemofilia, que se conmemora cada 17 de abril, el Centro Comercial I\u00f1aquito (CCI) se ilumin\u00f3 de rojo, color representativo de esta condici\u00f3n, en un gesto simb\u00f3lico de apoyo a las personas que viven con esta enfermedad. La iniciativa es parte de una alianza de concientizaci\u00f3n, impulsada [&hellip;]<\/p>\n","protected":false},"author":2,"featured_media":26654,"comment_status":"open","ping_status":"closed","sticky":false,"template":"","format":"standard","meta":{"_jetpack_memberships_contains_paid_content":false,"footnotes":""},"categories":[1023],"tags":[4213,4212],"class_list":["post-26653","post","type-post","status-publish","format-standard","has-post-thumbnail","hentry","category-salud","tag-centro-comercial-inaquito","tag-dia-mundial-de-la-hemofilia"],"jetpack_featured_media_url":"https:\/\/radiocresatelital.com\/wp-content\/uploads\/2025\/04\/CCI.jpeg","jetpack_sharing_enabled":true,"_links":{"self":[{"href":"https:\/\/radiocresatelital.com\/index.php?rest_route=\/wp\/v2\/posts\/26653","targetHints":{"allow":["GET"]}}],"collection":[{"href":"https:\/\/radiocresatelital.com\/index.php?rest_route=\/wp\/v2\/posts"}],"about":[{"href":"https:\/\/radiocresatelital.com\/index.php?rest_route=\/wp\/v2\/types\/post"}],"author":[{"embeddable":true,"href":"https:\/\/radiocresatelital.com\/index.php?rest_route=\/wp\/v2\/users\/2"}],"replies":[{"embeddable":true,"href":"https:\/\/radiocresatelital.com\/index.php?rest_route=%2Fwp%2Fv2%2Fcomments&post=26653"}],"version-history":[{"count":1,"href":"https:\/\/radiocresatelital.com\/index.php?rest_route=\/wp\/v2\/posts\/26653\/revisions"}],"predecessor-version":[{"id":26655,"href":"https:\/\/radiocresatelital.com\/index.php?rest_route=\/wp\/v2\/posts\/26653\/revisions\/26655"}],"wp:featuredmedia":[{"embeddable":true,"href":"https:\/\/radiocresatelital.com\/index.php?rest_route=\/wp\/v2\/media\/26654"}],"wp:attachment":[{"href":"https:\/\/radiocresatelital.com\/index.php?rest_route=%2Fwp%2Fv2%2Fmedia&parent=26653"}],"wp:term":[{"taxonomy":"category","embeddable":true,"href":"https:\/\/radiocresatelital.com\/index.php?rest_route=%2Fwp%2Fv2%2Fcategories&post=26653"},{"taxonomy":"post_tag","embeddable":true,"href":"https:\/\/radiocresatelital.com\/index.php?rest_route=%2Fwp%2Fv2%2Ftags&post=26653"}],"curies":[{"name":"wp","href":"https:\/\/api.w.org\/{rel}","templated":true}]}}