{"id":26647,"date":"2025-04-21T18:09:07","date_gmt":"2025-04-21T18:09:07","guid":{"rendered":"https:\/\/radiocresatelital.com\/?p=26647"},"modified":"2025-04-21T21:11:55","modified_gmt":"2025-04-21T21:11:55","slug":"dia-de-la-tierra-avanzando-en-la-responsabilidad-ambiental-en-la-industria","status":"publish","type":"post","link":"https:\/\/radiocresatelital.com\/?p=26647","title":{"rendered":"D\u00eda de la Tierra: Avanzando en la responsabilidad ambiental en la industria"},"content":{"rendered":"<p>Quito.- El plan One Vertiv, One World de Vertiv prioriza la responsabilidad ambiental y la eficiencia energ\u00e9tica en los centros de datos.<\/p>\n<p>En el D\u00eda de la Tierra nos complace recordar a nuestra industria y a nuestros clientes el papel de los centros de datos para impulsar la transformaci\u00f3n digital y la innovaci\u00f3n que define nuestras vidas modernas, as\u00ed como la importancia de desarrollar estrategias para su crecimiento sostenible y esforzarse por limitar su impacto medioambiental.<\/p>\n<p>En Vertiv, reconocemos la intersecci\u00f3n entre la tecnolog\u00eda y la sostenibilidad. Con los centros de datos consumiendo el 1.5% de la energ\u00eda global, una cifra que se duplicar\u00e1 con la adopci\u00f3n de la IA, la responsabilidad ambiental se est\u00e1 convirtiendo en algo cada vez m\u00e1s crucial. Nuestro plan One Vertiv, One World gu\u00eda nuestros esfuerzos para desarrollar e implementar soluciones que mejoren la eficiencia energ\u00e9tica en los centros de datos, reduciendo el impacto ambiental en nuestras operaciones y productos. Al reunir a m\u00e1s de 31,000 miembros del equipo en todo el mundo, nos esforzamos por habilitar un futuro donde el progreso digital funcione en sistemas ambientalmente conscientes.<\/p>\n<p>Por qu\u00e9 son importantes los centros de datos<br \/>\nLos centros de datos son la base que impulsa el mundo digital. Cada interacci\u00f3n que tenemos- desde una videollamada, utilizar un chatbot o hasta hacerle una consulta a la IA- depende de una infraestructura cr\u00edtica que pone en funcionamiento todas nuevas demandas: Los centros de datos.<\/p>\n<p>Se estima que la construcci\u00f3n de centros de datos en Am\u00e9rica Latina alcance los 7,81 mil millones de d\u00f3lares en 2029 con un crecimiento de la tasa compuesta anual superior al 8,71%. Esto sumado al auge de la IA, hace que se requiera de centros de datos modernos compuestos por elementos que garanticen su eficiencia, operatividad, sostenibilidad y capacidad de adaptaci\u00f3n al futuro.<\/p>\n<p>Operaciones responsables<br \/>\nVertiv se esfuerza por implementar mejoras continuas e iniciativas de mejora en instalaciones y procesos operativos para mejorar nuestro perfil de carbono. Aprovechando el Sistema Operativo Vertiv (VOS), nuestro objetivo es mejorar la utilizaci\u00f3n de recursos, mantener los est\u00e1ndares de seguridad y eliminar el desperdicio en nuestros procesos de producci\u00f3n.<\/p>\n<p>Hemos establecido metas espec\u00edficas para nuestra huella ambiental y la mejora de la eficiencia de los recursos y la energ\u00eda en los centros de datos. Realizamos un seguimiento de nuestro progreso mediante la monitorizaci\u00f3n regular de m\u00e9tricas clave, tales como emisiones de carbono, consumo de energ\u00eda, consumo de agua, generaci\u00f3n de residuos, tasas de reciclaje, protocolos de seguridad y sistemas de gesti\u00f3n ambiental.<\/p>\n<p>Bajo el plan One Vertiv, One World, nos enfocamos en ofrecer productos y sistemas eficientes que tambi\u00e9n reduzcan el consumo de energ\u00eda, el impacto clim\u00e1tico y los residuos. Adem\u00e1s, nos esforzamos por seguir de cerca las siguientes m\u00e9tricas: uso de energ\u00eda, uso de agua, servicios de eficiencia, emisiones de carbono en el ciclo de vida, apoyo a energ\u00edas alternativas y cumplimiento con la econom\u00eda circular.<\/p>\n<p>Otros medios para proporcionar un impacto: El Bosque Treedom de Vertiv y la educaci\u00f3n STEM<\/p>\n<p>Hay muchas formas en que las empresas, incluidos los operadores de centros de datos y los fabricantes, pueden ayudar a compensar las emisiones de carbono y retribuir a nuestras comunidades. Vertiv promueve iniciativas como el Bosque Vertiv de Treedom, un esfuerzo de reforestaci\u00f3n global que apoya la plantaci\u00f3n de \u00e1rboles en m\u00faltiples regiones de una manera atractiva y m\u00e1s accesible. Hasta la fecha, la comunidad de Vertiv ha plantado 5,186 \u00e1rboles a trav\u00e9s de la iniciativa Bosque Vertiv Treedom, en 12 pa\u00edses y cuatro continentes, cubriendo 12 hect\u00e1reas de tierra. Se espera que estos \u00e1rboles absorban CO2 a lo largo de su vida \u00fatil, contribuyendo a los esfuerzos globales de secuestro de carbono. A trav\u00e9s de Treedom, las personas pueden plantar \u00e1rboles de forma remota, apoyando directamente proyectos de reforestaci\u00f3n y promoviendo la biodiversidad de una manera m\u00e1s accesible.<\/p>\n<p>Vertiv tambi\u00e9n se enorgullece de apoyar la educaci\u00f3n y las oportunidades de empleo en nuestro sector. Contamos con m\u00faltiples programas para apoyar la educaci\u00f3n STEM, desde compromisos de K-12, pasant\u00edas universitarias y programas de aprendizaje dise\u00f1ados para involucrar e introducir nuestra industria a una nueva generaci\u00f3n de diversas carreras que apoyan los centros de datos y la computaci\u00f3n digital. Apoyar estas oportunidades es una excelente manera de mejorar las relaciones con la comunidad, enriquecer el compromiso de los empleados, proporcionar nuevas perspectivas en su empresa, impulsar la innovaci\u00f3n e inspirar a los j\u00f3venes, al tiempo que mejora las tasas de empleo en la regi\u00f3n.<\/p>\n<p>Conozca m\u00e1s sobre nuestra visi\u00f3n de impulsar un futuro m\u00e1s responsable con el medio ambiente al proporcionar una infraestructura digital esencial de alta confiabilidad y eficiencia energ\u00e9tica e h\u00eddrica con nuestro plan One Vertiv, One World.<\/p>\n","protected":false},"excerpt":{"rendered":"<p>Quito.- El plan One Vertiv, One World de Vertiv prioriza la responsabilidad ambiental y la eficiencia energ\u00e9tica en los centros de datos. En el D\u00eda de la Tierra nos complace recordar a nuestra industria y a nuestros clientes el papel de los centros de datos para impulsar la transformaci\u00f3n digital y la innovaci\u00f3n que define [&hellip;]<\/p>\n","protected":false},"author":2,"featured_media":26648,"comment_status":"open","ping_status":"closed","sticky":false,"template":"","format":"standard","meta":{"_jetpack_memberships_contains_paid_content":false,"footnotes":""},"categories":[13],"tags":[4210],"class_list":["post-26647","post","type-post","status-publish","format-standard","has-post-thumbnail","hentry","category-noticias-nacionales","tag-one-world-de-vertiv"],"jetpack_featured_media_url":"https:\/\/radiocresatelital.com\/wp-content\/uploads\/2025\/04\/CENTRO-DE-DATOS-2-scaled.jpg","jetpack_sharing_enabled":true,"_links":{"self":[{"href":"https:\/\/radiocresatelital.com\/index.php?rest_route=\/wp\/v2\/posts\/26647","targetHints":{"allow":["GET"]}}],"collection":[{"href":"https:\/\/radiocresatelital.com\/index.php?rest_route=\/wp\/v2\/posts"}],"about":[{"href":"https:\/\/radiocresatelital.com\/index.php?rest_route=\/wp\/v2\/types\/post"}],"author":[{"embeddable":true,"href":"https:\/\/radiocresatelital.com\/index.php?rest_route=\/wp\/v2\/users\/2"}],"replies":[{"embeddable":true,"href":"https:\/\/radiocresatelital.com\/index.php?rest_route=%2Fwp%2Fv2%2Fcomments&post=26647"}],"version-history":[{"count":1,"href":"https:\/\/radiocresatelital.com\/index.php?rest_route=\/wp\/v2\/posts\/26647\/revisions"}],"predecessor-version":[{"id":26649,"href":"https:\/\/radiocresatelital.com\/index.php?rest_route=\/wp\/v2\/posts\/26647\/revisions\/26649"}],"wp:featuredmedia":[{"embeddable":true,"href":"https:\/\/radiocresatelital.com\/index.php?rest_route=\/wp\/v2\/media\/26648"}],"wp:attachment":[{"href":"https:\/\/radiocresatelital.com\/index.php?rest_route=%2Fwp%2Fv2%2Fmedia&parent=26647"}],"wp:term":[{"taxonomy":"category","embeddable":true,"href":"https:\/\/radiocresatelital.com\/index.php?rest_route=%2Fwp%2Fv2%2Fcategories&post=26647"},{"taxonomy":"post_tag","embeddable":true,"href":"https:\/\/radiocresatelital.com\/index.php?rest_route=%2Fwp%2Fv2%2Ftags&post=26647"}],"curies":[{"name":"wp","href":"https:\/\/api.w.org\/{rel}","templated":true}]}}