{"id":26619,"date":"2025-04-21T19:25:23","date_gmt":"2025-04-21T19:25:23","guid":{"rendered":"https:\/\/radiocresatelital.com\/?p=26619"},"modified":"2025-04-21T19:25:56","modified_gmt":"2025-04-21T19:25:56","slug":"culmina-el-invernal-de-karting","status":"publish","type":"post","link":"https:\/\/radiocresatelital.com\/?p=26619","title":{"rendered":"Culmina el Invernal de Karting"},"content":{"rendered":"<p>Guayaquil.- La cuarta v\u00e1lida del Torneo Invernal de Karting 2025 ya tiene fecha. El 26 y 27 de abril caer\u00e1 el tel\u00f3n del evento mentalizado por Rafael Peralta, y organizado junto a Juan Carlos Gajardo.<\/p>\n<p>El Kart\u00f3dromo Internacional de Guayaquil ser\u00e1 el escenario donde caer\u00e1 el tel\u00f3n de esta competencia, que ha reunido a los mejores pilotos del pa\u00eds, y que sirve como preparaci\u00f3n para las competencias provinciales, nacionales e internacionales que contempla el calendario del deporte tuerca.<\/p>\n<p>El puntaje acumulado en las tres primeras fechas incrementa la expectativa de los duelos que se dar\u00e1n en las diversas categor\u00edas, como el que sostendr\u00e1 Sarah\u00ed Le\u00f3n con Sebasti\u00e1n Caguana y Ricardo Alvarado (junior).<\/p>\n<p>En senior X30, Sebasti\u00e1n Tello amenaza la hegemon\u00eda de Leonidas Drouet, mientras que Denny Ortega hace lo mismo ante Rafael Peralta, en master.<\/p>\n<p>Dennis Abad y Pauleth Ramia tambi\u00e9n definir\u00e1n en esta \u00faltima fecha el t\u00edtulo de la divisi\u00f3n damas, la que m\u00e1s inter\u00e9s ha despertado entre los amantes de la velocidad.<\/p>\n<p>En Yamaha se producir\u00e1 un enfrentamiento entre las juventud de Rafael Peralta Mier y la experiencia de Andr\u00e9s Roditti.<\/p>\n<p>En fin, el p\u00fablico ser\u00e1 el beneficiado de estas espectaculares competencias, que las podr\u00e1n disfrutar gratuitamente, desde las 08h30 locales (13h30 GMT) del s\u00e1bado 26 de abril, y ya con las prefinales y finales, desde las 08:20 del d\u00eda siguiente.<\/p>\n","protected":false},"excerpt":{"rendered":"<p>Guayaquil.- La cuarta v\u00e1lida del Torneo Invernal de Karting 2025 ya tiene fecha. El 26 y 27 de abril caer\u00e1 el tel\u00f3n del evento mentalizado por Rafael Peralta, y organizado junto a Juan Carlos Gajardo. El Kart\u00f3dromo Internacional de Guayaquil ser\u00e1 el escenario donde caer\u00e1 el tel\u00f3n de esta competencia, que ha reunido a los [&hellip;]<\/p>\n","protected":false},"author":2,"featured_media":26620,"comment_status":"open","ping_status":"closed","sticky":false,"template":"","format":"standard","meta":{"_jetpack_memberships_contains_paid_content":false,"footnotes":""},"categories":[9,658],"tags":[4141],"class_list":["post-26619","post","type-post","status-publish","format-standard","has-post-thumbnail","hentry","category-deportes","category-karting","tag-torneo-invernal-de-karting-2025"],"jetpack_featured_media_url":"https:\/\/radiocresatelital.com\/wp-content\/uploads\/2025\/04\/WhatsApp-Image-2025-04-20-at-10.57.24.jpeg","jetpack_sharing_enabled":true,"_links":{"self":[{"href":"https:\/\/radiocresatelital.com\/index.php?rest_route=\/wp\/v2\/posts\/26619","targetHints":{"allow":["GET"]}}],"collection":[{"href":"https:\/\/radiocresatelital.com\/index.php?rest_route=\/wp\/v2\/posts"}],"about":[{"href":"https:\/\/radiocresatelital.com\/index.php?rest_route=\/wp\/v2\/types\/post"}],"author":[{"embeddable":true,"href":"https:\/\/radiocresatelital.com\/index.php?rest_route=\/wp\/v2\/users\/2"}],"replies":[{"embeddable":true,"href":"https:\/\/radiocresatelital.com\/index.php?rest_route=%2Fwp%2Fv2%2Fcomments&post=26619"}],"version-history":[{"count":2,"href":"https:\/\/radiocresatelital.com\/index.php?rest_route=\/wp\/v2\/posts\/26619\/revisions"}],"predecessor-version":[{"id":26622,"href":"https:\/\/radiocresatelital.com\/index.php?rest_route=\/wp\/v2\/posts\/26619\/revisions\/26622"}],"wp:featuredmedia":[{"embeddable":true,"href":"https:\/\/radiocresatelital.com\/index.php?rest_route=\/wp\/v2\/media\/26620"}],"wp:attachment":[{"href":"https:\/\/radiocresatelital.com\/index.php?rest_route=%2Fwp%2Fv2%2Fmedia&parent=26619"}],"wp:term":[{"taxonomy":"category","embeddable":true,"href":"https:\/\/radiocresatelital.com\/index.php?rest_route=%2Fwp%2Fv2%2Fcategories&post=26619"},{"taxonomy":"post_tag","embeddable":true,"href":"https:\/\/radiocresatelital.com\/index.php?rest_route=%2Fwp%2Fv2%2Ftags&post=26619"}],"curies":[{"name":"wp","href":"https:\/\/api.w.org\/{rel}","templated":true}]}}