{"id":26583,"date":"2025-04-17T23:28:33","date_gmt":"2025-04-17T23:28:33","guid":{"rendered":"https:\/\/radiocresatelital.com\/?p=26583"},"modified":"2025-04-17T23:28:33","modified_gmt":"2025-04-17T23:28:33","slug":"el-torneo-mira-al-futuro-pero-no-olvida-a-los-que-le-han-hecho-vibrar-y-en-especial-rafa-nadal-amelie-mauresmo","status":"publish","type":"post","link":"https:\/\/radiocresatelital.com\/?p=26583","title":{"rendered":"El torneo mira al futuro, pero no olvida a los que le han hecho vibrar y, en especial Rafa Nadal, Am\u00e9lie Mauresmo"},"content":{"rendered":"<p>Par\u00eds.- Cuanto falta menos de un mes para jugar en segundo Grand Slam del A\u00f1o, como es Roland Garros sus organizadores han tomado la decisi\u00f3n de rendir un homenaje especial al tenista espa\u00f1ol,\u00a0 Rafal Nadal en el primer d\u00eda de la competici\u00f3n, el 25 de mayo.<\/p>\n<p>Ser\u00e1 una ceremonia \u00abllena de sorpresas\u00bb, indic\u00f3 la directora del torneo, Am\u00e9lie Mauresmo, durante la rueda de prensa de presentaci\u00f3n de la edici\u00f3n de 2025. \u00abQueremos que sea algo especial, excepcional, pero no quiero decir mucho para que sea una sorpresa para todos\u00bb, agreg\u00f3.<\/p>\n<p>\u00abEl torneo mira al futuro, pero no olvida a los que le han hecho vibrar y, en especial Rafa Nadal, que ha marcado la historia de Roland Garros, de muchas maneras, pero sobre todo con sus catorce t\u00edtulos que quiz\u00e1 nunca nadie iguale\u00bb, indic\u00f3 la ex n\u00famero 1 del mundo.<\/p>\n<p>El homenaje tendr\u00e1 lugar tras el final de la jornada nocturna del primer d\u00eda de competici\u00f3n.<\/p>\n<p>El presidente de la Federaci\u00f3n Francesa de Tenis (FFT), propietaria del torneo, Gilles Moretton, indic\u00f3 que hace unos d\u00edas mantuvieron un encuentro con el propio Nadal para establecer las bases del homenaje, del que no quisieron dar detalles.<\/p>\n<p>\u00abEs verdad que su adi\u00f3s en Madrid, o aqu\u00ed, dej\u00f3 cierta frustraci\u00f3n, en \u00e9l y en nosotros\u00bb, afirm\u00f3 Moretton.<\/p>\n<p>Mauresmo indic\u00f3 que Nadal, que el a\u00f1o pasado no quiso recibir ning\u00fan homenaje tras perder en primera ronda contra el alem\u00e1n Alexander Zverev, porque no hab\u00eda decidido si ser\u00eda su \u00faltima participaci\u00f3n en el torneo, recibi\u00f3 bien las propuestas de los organizadores para volver esta edici\u00f3n como invitado excepcional.<\/p>\n<p>\u00abCreo que quiere tanto a Roland Garros que estaba muy feliz por saber que todav\u00eda le llevamos en el coraz\u00f3n\u00bb, dijo la ex jugadora.<\/p>\n<p>\u00abQueremos rendirle homenaje, pero queremos que se sienta c\u00f3modo con todo lo que le vamos a proponer, todo lo que vamos a hacer. Y creo que as\u00ed ser\u00e1. No conoce todo lo que suceder\u00e1, pero hemos hablado mucho de lo que deseamos nosotros y de lo que \u00e9l quiere. Creo que haremos algo que se ajusta a su personalidad\u00bb, a\u00f1adi\u00f3.<\/p>\n<p>Por el momento, anunciaron que Nadal prestar\u00e1 su voz a la promoci\u00f3n del torneo de 2025, que se lanzar\u00e1 el 12 de mayo pr\u00f3ximo, algo que ya ha empezado a grabar el jugador. \u00ab\u00bfQui\u00e9n mejor para hablar de nuestro torneo que Rafa Nadal? \u00c9l acept\u00f3 y es algo \u00fanico que un campe\u00f3n de su talla se asocie con un torneo del Grand Slam\u00bb, dijo Mauresmo.<\/p>\n<p>Moretton reiter\u00f3 su deseo de que, en un futuro cercano, Nadal se convierta en embajador del torneo: \u00abEs la voluntad de la FFT, pero por ahora estamos trabajando en el homenaje. Hay una historia de amor, tiene un profundo respeto por el torneo, por la tierra batida y nosotros tambi\u00e9n por \u00e9l. Estudiamos el papel que pueda tener para el torneo\u00bb.<\/p>\n<p>La directora de Roland Garros agreg\u00f3 que todav\u00eda no han empezado a trabajar sobre su futuro papel de embajador porque \u00abla prioridad es centrarse en el homenaje\u00bb que \u00ablleva mucho tiempo\u00bb.<\/p>\n<p>\u00abSab\u00edamos que Rafa no ser\u00eda eterno y, no digo que vaya a ser sustituido, porque 14 t\u00edtulos son una historia alucinante y logrados en 20 a\u00f1os, es algo que probablemente nadie iguale. Pero la vida continua, el torneo continua y queremos que se mantenga con nosotros de una manera u otra\u00bb, se\u00f1al\u00f3 Mauresmo.<\/p>\n<p>\u00abHistorias como esta, entre un jugador y un torneo, no hay y queremos que esto perdure\u00bb, agreg\u00f3.<\/p>\n","protected":false},"excerpt":{"rendered":"<p>Par\u00eds.- Cuanto falta menos de un mes para jugar en segundo Grand Slam del A\u00f1o, como es Roland Garros sus organizadores han tomado la decisi\u00f3n de rendir un homenaje especial al tenista espa\u00f1ol,\u00a0 Rafal Nadal en el primer d\u00eda de la competici\u00f3n, el 25 de mayo. Ser\u00e1 una ceremonia \u00abllena de sorpresas\u00bb, indic\u00f3 la directora [&hellip;]<\/p>\n","protected":false},"author":2,"featured_media":26584,"comment_status":"open","ping_status":"closed","sticky":false,"template":"","format":"standard","meta":{"_jetpack_memberships_contains_paid_content":false,"footnotes":""},"categories":[9,64],"tags":[4202,2169],"class_list":["post-26583","post","type-post","status-publish","format-standard","has-post-thumbnail","hentry","category-deportes","category-tenis","tag-amelie-mauresmo","tag-roland-garros"],"jetpack_featured_media_url":"https:\/\/radiocresatelital.com\/wp-content\/uploads\/2025\/04\/roland-garros-homenaje-nadal-1.webp","jetpack_sharing_enabled":true,"_links":{"self":[{"href":"https:\/\/radiocresatelital.com\/index.php?rest_route=\/wp\/v2\/posts\/26583","targetHints":{"allow":["GET"]}}],"collection":[{"href":"https:\/\/radiocresatelital.com\/index.php?rest_route=\/wp\/v2\/posts"}],"about":[{"href":"https:\/\/radiocresatelital.com\/index.php?rest_route=\/wp\/v2\/types\/post"}],"author":[{"embeddable":true,"href":"https:\/\/radiocresatelital.com\/index.php?rest_route=\/wp\/v2\/users\/2"}],"replies":[{"embeddable":true,"href":"https:\/\/radiocresatelital.com\/index.php?rest_route=%2Fwp%2Fv2%2Fcomments&post=26583"}],"version-history":[{"count":1,"href":"https:\/\/radiocresatelital.com\/index.php?rest_route=\/wp\/v2\/posts\/26583\/revisions"}],"predecessor-version":[{"id":26585,"href":"https:\/\/radiocresatelital.com\/index.php?rest_route=\/wp\/v2\/posts\/26583\/revisions\/26585"}],"wp:featuredmedia":[{"embeddable":true,"href":"https:\/\/radiocresatelital.com\/index.php?rest_route=\/wp\/v2\/media\/26584"}],"wp:attachment":[{"href":"https:\/\/radiocresatelital.com\/index.php?rest_route=%2Fwp%2Fv2%2Fmedia&parent=26583"}],"wp:term":[{"taxonomy":"category","embeddable":true,"href":"https:\/\/radiocresatelital.com\/index.php?rest_route=%2Fwp%2Fv2%2Fcategories&post=26583"},{"taxonomy":"post_tag","embeddable":true,"href":"https:\/\/radiocresatelital.com\/index.php?rest_route=%2Fwp%2Fv2%2Ftags&post=26583"}],"curies":[{"name":"wp","href":"https:\/\/api.w.org\/{rel}","templated":true}]}}