{"id":26564,"date":"2025-04-16T23:18:29","date_gmt":"2025-04-16T23:18:29","guid":{"rendered":"https:\/\/radiocresatelital.com\/?p=26564"},"modified":"2025-04-16T23:18:29","modified_gmt":"2025-04-16T23:18:29","slug":"thomas-chica-logro-bronce-y-el-triatlon-4-cupos-a-asu-2025","status":"publish","type":"post","link":"https:\/\/radiocresatelital.com\/?p=26564","title":{"rendered":"Thomas Chica logr\u00f3 bronce y el triatl\u00f3n 4 cupos a Asu 2025"},"content":{"rendered":"<div class=\"elementor-element elementor-element-cb2de68 elementor-widget elementor-widget-spacer\" data-id=\"cb2de68\" data-element_type=\"widget\" data-widget_type=\"spacer.default\">\n<div class=\"elementor-widget-container\">\n<div class=\"elementor-spacer\">\n<div class=\"elementor-spacer-inner\"><\/div>\n<\/div>\n<\/div>\n<\/div>\n<div class=\"elementor-element elementor-element-7da7327 noticiaTexto elementor-widget elementor-widget-theme-post-content\" data-id=\"7da7327\" data-element_type=\"widget\" data-widget_type=\"theme-post-content.default\">\n<div class=\"elementor-widget-container\">\n<p>Guayaquil.- Thomas Chica se subi\u00f3 al podio del Sudamericano Clasificatorio a los Juegos Panamericanos Junior Asunci\u00f3n 2025, que se desarroll\u00f3 en Encarnaci\u00f3n, Paraguay, y con ello logr\u00f3 el boleto al certamen multideportivo U23 que se desarrollar\u00e1 en la capital paraguaya del 9 al 23 de agosto pr\u00f3ximo.<\/p>\n<p>Chica fue el ecuatoriano m\u00e1s destacado. En la prueba de triatl\u00f3n masculina categor\u00eda 18-21 a\u00f1os finaliz\u00f3 en el tercer lugar con un crono de 53:31para cubrir un recorrido de 750 m de nataci\u00f3n, 19 km de ciclismo y 5 km de carrera pedestre.<\/p>\n<p>\u201cMe siento muy feliz y contento con el resultado, subirme al podio con grandes aletas de otros pa\u00edses es muy motivante, y haber alcanzado ese cupo tan deseado es un sue\u00f1o\u00a0hecho\u00a0realidad\u201d, se\u00f1al\u00f3 Chica que el a\u00f1o anterior alcanz\u00f3 medalla de plata en los Juegos Bolivarianos de la Juventud Sucre 2024.<\/p>\n<p>El primer lugar correspondi\u00f3 a Daniel Ubilla de Chile (53:20) y segundo se ubic\u00f3 Caua Diniz de Brasil (53:29).<\/p>\n<p>\u201cLa competencia fue muy r\u00e1pida y dura de principio a fin con lo mejor de Sudam\u00e9rica. Una nataci\u00f3n compleja por la corriente del r\u00edo Paran\u00e1 saliendo en el segundo pelot\u00f3n de la bici con dos fugados, manteniendo un buen ritmo con todo el grupo para luego bajarme para la carrera y remontar algunas posiciones\u2026 Me sent\u00ed fuerte y logr\u00e9 alcanzar el tercer puesto con un remate en los\u00a0\u00faltimos\u00a0metros\u201d, cont\u00f3.<\/p>\n<p>Antes del certamen Chica estuvo en Chile participando en el Campeonato Sudamericano, donde el triatleta tambi\u00e9n se subi\u00f3 al podio para recibir medalla de bronce en la categor\u00eda junior.<\/p>\n<p>\u201cEse primer roce internacional me dej\u00f3 buenas sensaciones, esto me ayud\u00f3 a darme cuenta de que ven\u00edamos trabajando bien con mi equipo y que estaba con buen nivel para el siguiente\u00a0desaf\u00edo\u201d.<\/p>\n<p>El Clasificatorio Sudamericano de Encarnaci\u00f3n entreg\u00f3 las plazas a los Juegos Panamericanos Junior Asu 2025 a los 12 primeros lugares, m\u00e1ximo dos cuotas por pa\u00eds. Adem\u00e1s de Chica, Ecuador alcanz\u00f3 el boleto en la rama masculina con David Vega (15); y en damas con Mar\u00eda de los \u00c1ngeles Bonilla (9) y Melanie Agreda (15).<\/p>\n<p>\u201cMe siento muy contento por todos mis compa\u00f1eros y optimista con los resultados de cada uno, creo que conformamos un excelente equipo para representar de la mejor\u00a0manera\u00a0al\u00a0pa\u00eds\u201d.<\/p>\n<p>Sobre la participaci\u00f3n en los Juegos Panamericanos Junior Chica se\u00f1al\u00f3: \u201cEs un gran objetivo al que espero llegar en las mejores condiciones y ubicarme en lo m\u00e1s alto del podio. Voy a seguir prepar\u00e1ndome y trabajando duro bajo la direcci\u00f3n de mis entrenadores Cecilia F\u00e1rez, Diego Heredia y Franklin Lojano quienes me gu\u00edan y ayudan en este proceso, tengo muchas cosas que mejorar, cada competencia me muestra en qu\u00e9 me toca trabajar para tener el mejor resultado sin descuidar\u00a0ning\u00fan\u00a0detalle\u201d.<\/p>\n<\/div>\n<\/div>\n","protected":false},"excerpt":{"rendered":"<p>Guayaquil.- Thomas Chica se subi\u00f3 al podio del Sudamericano Clasificatorio a los Juegos Panamericanos Junior Asunci\u00f3n 2025, que se desarroll\u00f3 en Encarnaci\u00f3n, Paraguay, y con ello logr\u00f3 el boleto al certamen multideportivo U23 que se desarrollar\u00e1 en la capital paraguaya del 9 al 23 de agosto pr\u00f3ximo. Chica fue el ecuatoriano m\u00e1s destacado. En la [&hellip;]<\/p>\n","protected":false},"author":2,"featured_media":26565,"comment_status":"open","ping_status":"closed","sticky":false,"template":"","format":"standard","meta":{"_jetpack_memberships_contains_paid_content":false,"footnotes":""},"categories":[9],"tags":[3876,4196],"class_list":["post-26564","post","type-post","status-publish","format-standard","has-post-thumbnail","hentry","category-deportes","tag-juegos-panamericanos-junior-asuncion-2025","tag-thomas-chica"],"jetpack_featured_media_url":"https:\/\/radiocresatelital.com\/wp-content\/uploads\/2025\/04\/WhatsApp-Image-2025-04-16-at-15.19.40_8191f870.jpg","jetpack_sharing_enabled":true,"_links":{"self":[{"href":"https:\/\/radiocresatelital.com\/index.php?rest_route=\/wp\/v2\/posts\/26564","targetHints":{"allow":["GET"]}}],"collection":[{"href":"https:\/\/radiocresatelital.com\/index.php?rest_route=\/wp\/v2\/posts"}],"about":[{"href":"https:\/\/radiocresatelital.com\/index.php?rest_route=\/wp\/v2\/types\/post"}],"author":[{"embeddable":true,"href":"https:\/\/radiocresatelital.com\/index.php?rest_route=\/wp\/v2\/users\/2"}],"replies":[{"embeddable":true,"href":"https:\/\/radiocresatelital.com\/index.php?rest_route=%2Fwp%2Fv2%2Fcomments&post=26564"}],"version-history":[{"count":1,"href":"https:\/\/radiocresatelital.com\/index.php?rest_route=\/wp\/v2\/posts\/26564\/revisions"}],"predecessor-version":[{"id":26566,"href":"https:\/\/radiocresatelital.com\/index.php?rest_route=\/wp\/v2\/posts\/26564\/revisions\/26566"}],"wp:featuredmedia":[{"embeddable":true,"href":"https:\/\/radiocresatelital.com\/index.php?rest_route=\/wp\/v2\/media\/26565"}],"wp:attachment":[{"href":"https:\/\/radiocresatelital.com\/index.php?rest_route=%2Fwp%2Fv2%2Fmedia&parent=26564"}],"wp:term":[{"taxonomy":"category","embeddable":true,"href":"https:\/\/radiocresatelital.com\/index.php?rest_route=%2Fwp%2Fv2%2Fcategories&post=26564"},{"taxonomy":"post_tag","embeddable":true,"href":"https:\/\/radiocresatelital.com\/index.php?rest_route=%2Fwp%2Fv2%2Ftags&post=26564"}],"curies":[{"name":"wp","href":"https:\/\/api.w.org\/{rel}","templated":true}]}}