{"id":26546,"date":"2025-04-16T22:32:55","date_gmt":"2025-04-16T22:32:55","guid":{"rendered":"https:\/\/radiocresatelital.com\/?p=26546"},"modified":"2025-04-16T22:32:55","modified_gmt":"2025-04-16T22:32:55","slug":"decenas-de-buses-con-desperfectos-mecanicos-fueron-detenidos-en-guayaquil-horas-antes-de-que-comience-el-feriado-de-semana-santa","status":"publish","type":"post","link":"https:\/\/radiocresatelital.com\/?p=26546","title":{"rendered":"Decenas de buses con desperfectos mec\u00e1nicos fueron detenidos en Guayaquil, horas antes de que comience el feriado de Semana Santa"},"content":{"rendered":"<p>Guayaquil.- La Comisi\u00f3n de Tr\u00e1nsito del Ecuador (CTE), mediante un comunicado inform\u00f3 que se les ha prohibido el ingreso al Terminal Terrestre de Guayaquil a 30 unidades de transporte p\u00fablico debido a fallas t\u00e9cnicas y mec\u00e1nicas.<\/p>\n<p>Este a\u00f1o, Semana Santa tendr\u00e1 un d\u00eda m\u00e1s de descanso debido a la suspensi\u00f3n de la jornada laboral del jueves 17 de abril.<\/p>\n<p>La CTE inform\u00f3 que, hasta las 08h00 locales (13h00 GMT), 30 buses de transporte p\u00fablico no cumplieron con las revisiones t\u00e9cnicas, lo cual les fue impedido su ingreso a los garajes de la Terminal Terrestre de Guayaquil.<\/p>\n<p>Las revisiones incluyen los siguientes aspectos:<\/p>\n<p>-Correcto funcionamiento de limpiaparabrisas<br \/>\n-Sistema completo de luces<br \/>\n-Cinturones de seguridad para todos los pasajeros<br \/>\n-Vidrios en buen estado<br \/>\n-Controles de alcoholemia a los conductores<\/p>\n<p>Este mi\u00e9rcoles 16 de abril en horas de la ma\u00f1ana, la CTE, se\u00f1alo que los controles t\u00e9cnicos y operativos ser\u00e1n m\u00e1s rigurosos e intensos tanto para buses interprovinciales o intraprovinciales en todas las terminales terrestres del pa\u00eds, por lo cual, toda unidad que no cumpla con las condiciones de funcionamiento y seguridad, no podr\u00e1 acceder a los andenes de las terminales.<\/p>\n<p>Por \u00faltimo, hacen un llamado tanto a los due\u00f1os y encargados de las cooperativas de buses a que lleven a cabo el control preventivo, para que sus unidades est\u00e9n en perfectas condiciones y les puedan ofrecer un servicio responsable y seguro a los ciudadanos.<\/p>\n<p>Evelyn Bail\u00f3n<br \/>\nEmail: evelizbeth09@gmail.com<\/p>\n","protected":false},"excerpt":{"rendered":"<p>Guayaquil.- La Comisi\u00f3n de Tr\u00e1nsito del Ecuador (CTE), mediante un comunicado inform\u00f3 que se les ha prohibido el ingreso al Terminal Terrestre de Guayaquil a 30 unidades de transporte p\u00fablico debido a fallas t\u00e9cnicas y mec\u00e1nicas. Este a\u00f1o, Semana Santa tendr\u00e1 un d\u00eda m\u00e1s de descanso debido a la suspensi\u00f3n de la jornada laboral del [&hellip;]<\/p>\n","protected":false},"author":2,"featured_media":26547,"comment_status":"open","ping_status":"closed","sticky":false,"template":"","format":"standard","meta":{"_jetpack_memberships_contains_paid_content":false,"footnotes":""},"categories":[13],"tags":[965,1589],"class_list":["post-26546","post","type-post","status-publish","format-standard","has-post-thumbnail","hentry","category-noticias-nacionales","tag-comision-de-transito-del-ecuador","tag-terminal-terrestre-de-guayaquil"],"jetpack_featured_media_url":"https:\/\/radiocresatelital.com\/wp-content\/uploads\/2025\/04\/JGNE3A7S7ZG2PF4ZSVCYSVWTDI.jpg","jetpack_sharing_enabled":true,"_links":{"self":[{"href":"https:\/\/radiocresatelital.com\/index.php?rest_route=\/wp\/v2\/posts\/26546","targetHints":{"allow":["GET"]}}],"collection":[{"href":"https:\/\/radiocresatelital.com\/index.php?rest_route=\/wp\/v2\/posts"}],"about":[{"href":"https:\/\/radiocresatelital.com\/index.php?rest_route=\/wp\/v2\/types\/post"}],"author":[{"embeddable":true,"href":"https:\/\/radiocresatelital.com\/index.php?rest_route=\/wp\/v2\/users\/2"}],"replies":[{"embeddable":true,"href":"https:\/\/radiocresatelital.com\/index.php?rest_route=%2Fwp%2Fv2%2Fcomments&post=26546"}],"version-history":[{"count":1,"href":"https:\/\/radiocresatelital.com\/index.php?rest_route=\/wp\/v2\/posts\/26546\/revisions"}],"predecessor-version":[{"id":26548,"href":"https:\/\/radiocresatelital.com\/index.php?rest_route=\/wp\/v2\/posts\/26546\/revisions\/26548"}],"wp:featuredmedia":[{"embeddable":true,"href":"https:\/\/radiocresatelital.com\/index.php?rest_route=\/wp\/v2\/media\/26547"}],"wp:attachment":[{"href":"https:\/\/radiocresatelital.com\/index.php?rest_route=%2Fwp%2Fv2%2Fmedia&parent=26546"}],"wp:term":[{"taxonomy":"category","embeddable":true,"href":"https:\/\/radiocresatelital.com\/index.php?rest_route=%2Fwp%2Fv2%2Fcategories&post=26546"},{"taxonomy":"post_tag","embeddable":true,"href":"https:\/\/radiocresatelital.com\/index.php?rest_route=%2Fwp%2Fv2%2Ftags&post=26546"}],"curies":[{"name":"wp","href":"https:\/\/api.w.org\/{rel}","templated":true}]}}