{"id":26543,"date":"2025-04-16T22:20:08","date_gmt":"2025-04-16T22:20:08","guid":{"rendered":"https:\/\/radiocresatelital.com\/?p=26543"},"modified":"2025-04-16T22:20:08","modified_gmt":"2025-04-16T22:20:08","slug":"campeonato-nacional-de-boxeo-juvenil-2025","status":"publish","type":"post","link":"https:\/\/radiocresatelital.com\/?p=26543","title":{"rendered":"Campeonato Nacional de Boxeo Juvenil 2025"},"content":{"rendered":"<p>Quito.- Se vive la emoci\u00f3n en Puerto Quito, con la realizaci\u00f3n del Campeonato Nacional de Boxeo\u00a0Juvenil 2025. Esta competici\u00f3n se llevar\u00e1 a cabo del 15 al 19 de abril, donde el equipo de Pichincha espera ubicarse en los primeros sitiales del torneo.<\/p>\n<p>Este gran evento deportivo reunir\u00e1 a delegaciones de varias provincias del Ecuador, convirti\u00e9ndose en una verdadera fiesta nacional del boxeo juvenil. Aqu\u00ed los talentos emergentes demostrar\u00e1n su esfuerzo, disciplina y pasi\u00f3n sobre el cuadril\u00e1tero.<\/p>\n<p><strong>Clasificatorio y preparaci\u00f3n para los Juegos Nacionales Juveniles<\/strong><\/p>\n<p>El Campeonato Nacional no solo definir\u00e1 a los mejores pugilistas juveniles del pa\u00eds, sino que tambi\u00e9n servir\u00e1 como preparaci\u00f3n para los seleccionados de Pichincha. Los deportistas se alistan para representar a la provincia en los pr\u00f3ximos Juegos Nacionales Juveniles Manab\u00ed 2025.<\/p>\n<p>La delegaci\u00f3n Oro y Grana llega con grandes expectativas y el firme prop\u00f3sito de dejar en alto el nombre de Pichincha, fortaleciendo su nivel competitivo y forjando nuevas promesas del boxeo nacional. Nuestros representantes cuentan con la orientaci\u00f3n t\u00e9cnica de los entrenadores Jaime Cortez, Edgar Cortez, Hugo Toapanta y John Wampash.<\/p>\n<p><strong>Equipo de Pichincha:\u00a0<\/strong>Daffne Mota, 52kg, Romina Altamirano, 54kg, Emily Caldas, 57kg, Tahis Cahuasqui, 48kg, Jean Nazareno, 51kg, Nilson Jim\u00e9nez, 54kg, Jes\u00fas Aveiga, 57kg, Jhon Wampash, 60kg, Jonny Piguave, 63.5kg, Jes\u00fas Gregorio Espa\u00f1a, 67kg, Tirson Gavil\u00e1nez, 71kg, Jean Pool Espinosa, 75kg, Bryan Vizcarra, 80kg, Marco Cordero, 86kg, Jeremmy Chiluisa, 92kg, Alexander Arroyo, +92kg, Luis Mor\u00e1n, 48kg .<\/p>\n<p>La delegaci\u00f3n est\u00e1 presidida por Eduardo Beltr\u00e1n como presidente de la Asociaci\u00f3n de\u00a0Boxeo de Pichincha\u00a0y conf\u00eda en el buen desempe\u00f1o de sus pugilistas, gracias a los trabajos realizados oportunamente en los diferentes gimnasios de Concentraci\u00f3n Deportiva de Pichincha.<\/p>\n<p>Desde ya, se invita a la comunidad local, medios de comunicaci\u00f3n y amantes del boxeo a vivir esta experiencia \u00fanica, apoyando a nuestras futuras estrellas del ring.<\/p>\n","protected":false},"excerpt":{"rendered":"<p>Quito.- Se vive la emoci\u00f3n en Puerto Quito, con la realizaci\u00f3n del Campeonato Nacional de Boxeo\u00a0Juvenil 2025. Esta competici\u00f3n se llevar\u00e1 a cabo del 15 al 19 de abril, donde el equipo de Pichincha espera ubicarse en los primeros sitiales del torneo. Este gran evento deportivo reunir\u00e1 a delegaciones de varias provincias del Ecuador, convirti\u00e9ndose [&hellip;]<\/p>\n","protected":false},"author":2,"featured_media":26544,"comment_status":"open","ping_status":"closed","sticky":false,"template":"","format":"standard","meta":{"_jetpack_memberships_contains_paid_content":false,"footnotes":""},"categories":[61,9],"tags":[4194],"class_list":["post-26543","post","type-post","status-publish","format-standard","has-post-thumbnail","hentry","category-boxeo","category-deportes","tag-campeonato-nacional-de-boxeo-juvenil-2025"],"jetpack_featured_media_url":"https:\/\/radiocresatelital.com\/wp-content\/uploads\/2025\/04\/WhatsApp-Image-2025-04-15-at-3.22.21-PM.jpeg","jetpack_sharing_enabled":true,"_links":{"self":[{"href":"https:\/\/radiocresatelital.com\/index.php?rest_route=\/wp\/v2\/posts\/26543","targetHints":{"allow":["GET"]}}],"collection":[{"href":"https:\/\/radiocresatelital.com\/index.php?rest_route=\/wp\/v2\/posts"}],"about":[{"href":"https:\/\/radiocresatelital.com\/index.php?rest_route=\/wp\/v2\/types\/post"}],"author":[{"embeddable":true,"href":"https:\/\/radiocresatelital.com\/index.php?rest_route=\/wp\/v2\/users\/2"}],"replies":[{"embeddable":true,"href":"https:\/\/radiocresatelital.com\/index.php?rest_route=%2Fwp%2Fv2%2Fcomments&post=26543"}],"version-history":[{"count":1,"href":"https:\/\/radiocresatelital.com\/index.php?rest_route=\/wp\/v2\/posts\/26543\/revisions"}],"predecessor-version":[{"id":26545,"href":"https:\/\/radiocresatelital.com\/index.php?rest_route=\/wp\/v2\/posts\/26543\/revisions\/26545"}],"wp:featuredmedia":[{"embeddable":true,"href":"https:\/\/radiocresatelital.com\/index.php?rest_route=\/wp\/v2\/media\/26544"}],"wp:attachment":[{"href":"https:\/\/radiocresatelital.com\/index.php?rest_route=%2Fwp%2Fv2%2Fmedia&parent=26543"}],"wp:term":[{"taxonomy":"category","embeddable":true,"href":"https:\/\/radiocresatelital.com\/index.php?rest_route=%2Fwp%2Fv2%2Fcategories&post=26543"},{"taxonomy":"post_tag","embeddable":true,"href":"https:\/\/radiocresatelital.com\/index.php?rest_route=%2Fwp%2Fv2%2Ftags&post=26543"}],"curies":[{"name":"wp","href":"https:\/\/api.w.org\/{rel}","templated":true}]}}