{"id":26539,"date":"2025-04-16T21:55:48","date_gmt":"2025-04-16T21:55:48","guid":{"rendered":"https:\/\/radiocresatelital.com\/?p=26539"},"modified":"2025-04-16T21:56:38","modified_gmt":"2025-04-16T21:56:38","slug":"junta-de-beneficiencia-expande-su-red-educativa-con-un-modelo-innovador","status":"publish","type":"post","link":"https:\/\/radiocresatelital.com\/?p=26539","title":{"rendered":"Junta de Beneficiencia expande su red educativa con un modelo innovador"},"content":{"rendered":"<p>Guayaquil. \u2013 Con pasos firmes hacia la excelencia educativa, la Junta de Beneficencia de Guayaquil (JBG) ampl\u00eda su Red de Colegios para el periodo lectivo 2025\u20132026 con la incorporaci\u00f3n de cinco nuevas instituciones, alcanzando un total de ocho centros educativos a nivel nacional.<\/p>\n<p>Esta expansi\u00f3n forma parte de su visi\u00f3n de futuro, con la meta clara de establecer 16 colegios de formaci\u00f3n profesional para 2028.<\/p>\n<p><strong>Nuevas instituciones educativas:<\/strong><br \/>\n\u2981 Unidad Educativa Mercedes Calder\u00f3n (Guayaquil)<br \/>\n\u2981 Unidad Educativa Freire Stabile (Playas)<br \/>\n\u2981 Unidad Educativa Narcisa de Jes\u00fas (Nobol)<br \/>\n\u2981 Escuela Particular Nuestra Se\u00f1ora de la Sabidur\u00eda (Lomas de Sargentillo)<br \/>\n\u2981 Escuela Particular Promesas Lucianas (Santa Luc\u00eda)<\/p>\n<p><strong>Un modelo educativo basado en tres pilares clave:<\/strong><br \/>\n\u2981 Altos logros de aprendizaje, con especial atenci\u00f3n al dominio del ingl\u00e9s certificado por Cambridge y la lectura diaria como pr\u00e1ctica fundamental.<br \/>\n\u2981 Formaci\u00f3n humana y acompa\u00f1amiento tutorial, que promueve el liderazgo social y fortalece las competencias para la empleabilidad.<br \/>\n\u2981 Educaci\u00f3n t\u00e9cnica de calidad, con el innovador Bachillerato Dual con Certificaci\u00f3n Alemana, que combina teor\u00eda en el aula con pr\u00e1ctica en empresas formadoras, y ofrece una alta probabilidad de inserci\u00f3n laboral al finalizar los estudios.<\/p>\n<p>Un ejemplo de los logros alcanzados es la primera promoci\u00f3n de bachilleres duales, graduada en marzo de 2025: 62 j\u00f3venes de las Unidades Educativas Jos\u00e9 Domingo de Santistevan y Santa Luisa de Marillac, especializados en Inform\u00e1tica y Comercializaci\u00f3n y Ventas. De ellos, 17 ya han recibido ofertas laborales que se encuentran en proceso.<\/p>\n<p><strong>\u201cSellos Educativos\u201d que marcan la diferencia:<\/strong><br \/>\n\u2981 Jornada escolar extendida (de 07h45 a 15h45 locales (12h45 a 20h45 GMT), sin tareas extraescolares, para aprovechar al m\u00e1ximo el tiempo de aprendizaje.<br \/>\n\u2981 Docentes en formaci\u00f3n continua, garantizando una ense\u00f1anza de calidad permanente.<br \/>\n\u2981 Infraestructura pedag\u00f3gica de vanguardia, con espacios modernos, laboratorios bien equipados y plataformas digitales actualizadas.<br \/>\n\u2981 Cultura de evaluaci\u00f3n constante, que permite identificar oportunidades de mejora y elevar los resultados educativos.<br \/>\nGracias a su visi\u00f3n educativa y su llegada a nuevas localidades como Playas, Nobol, Santa Luc\u00eda y Lomas de Sargentillo, la JBG responde al anhelo de miles de familias que buscan una educaci\u00f3n de alto nivel para sus hijos.<\/p>\n<p><strong>Proceso de admisi\u00f3n para nuevos aspirantes:<\/strong><br \/>\nTodas las instituciones educativas de la JBG disponen de un proceso claro y accesible para la admisi\u00f3n de nuevos estudiantes:<br \/>\n\u2981 Solicitud de informaci\u00f3n a trav\u00e9s de redes sociales<br \/>\n\u2981 Llenado del formulario en l\u00ednea<br \/>\n\u2981 Entrevista con el Departamento de Consejer\u00eda Estudiantil (DECE)<br \/>\n\u2981 Prueba de admisi\u00f3n<br \/>\n\u2981 Entrega de documentos<br \/>\n\u2981 Entrega de resultados<br \/>\n\u2981 Matriculaci\u00f3n<\/p>\n<p>Adem\u00e1s, la Junta mantiene activa su pol\u00edtica de becas y apoyo escolar, brindando oportunidades reales de desarrollo acad\u00e9mico a estudiantes con diversas necesidades, promoviendo as\u00ed una educaci\u00f3n m\u00e1s justa e inclusiva.<\/p>\n","protected":false},"excerpt":{"rendered":"<p>Guayaquil. \u2013 Con pasos firmes hacia la excelencia educativa, la Junta de Beneficencia de Guayaquil (JBG) ampl\u00eda su Red de Colegios para el periodo lectivo 2025\u20132026 con la incorporaci\u00f3n de cinco nuevas instituciones, alcanzando un total de ocho centros educativos a nivel nacional. Esta expansi\u00f3n forma parte de su visi\u00f3n de futuro, con la meta [&hellip;]<\/p>\n","protected":false},"author":2,"featured_media":26540,"comment_status":"open","ping_status":"closed","sticky":false,"template":"","format":"standard","meta":{"_jetpack_memberships_contains_paid_content":false,"footnotes":""},"categories":[13],"tags":[121],"class_list":["post-26539","post","type-post","status-publish","format-standard","has-post-thumbnail","hentry","category-noticias-nacionales","tag-junta-de-beneficencia-de-guayaquil"],"jetpack_featured_media_url":"https:\/\/radiocresatelital.com\/wp-content\/uploads\/2025\/04\/DSC01255-scaled.jpg","jetpack_sharing_enabled":true,"_links":{"self":[{"href":"https:\/\/radiocresatelital.com\/index.php?rest_route=\/wp\/v2\/posts\/26539","targetHints":{"allow":["GET"]}}],"collection":[{"href":"https:\/\/radiocresatelital.com\/index.php?rest_route=\/wp\/v2\/posts"}],"about":[{"href":"https:\/\/radiocresatelital.com\/index.php?rest_route=\/wp\/v2\/types\/post"}],"author":[{"embeddable":true,"href":"https:\/\/radiocresatelital.com\/index.php?rest_route=\/wp\/v2\/users\/2"}],"replies":[{"embeddable":true,"href":"https:\/\/radiocresatelital.com\/index.php?rest_route=%2Fwp%2Fv2%2Fcomments&post=26539"}],"version-history":[{"count":2,"href":"https:\/\/radiocresatelital.com\/index.php?rest_route=\/wp\/v2\/posts\/26539\/revisions"}],"predecessor-version":[{"id":26542,"href":"https:\/\/radiocresatelital.com\/index.php?rest_route=\/wp\/v2\/posts\/26539\/revisions\/26542"}],"wp:featuredmedia":[{"embeddable":true,"href":"https:\/\/radiocresatelital.com\/index.php?rest_route=\/wp\/v2\/media\/26540"}],"wp:attachment":[{"href":"https:\/\/radiocresatelital.com\/index.php?rest_route=%2Fwp%2Fv2%2Fmedia&parent=26539"}],"wp:term":[{"taxonomy":"category","embeddable":true,"href":"https:\/\/radiocresatelital.com\/index.php?rest_route=%2Fwp%2Fv2%2Fcategories&post=26539"},{"taxonomy":"post_tag","embeddable":true,"href":"https:\/\/radiocresatelital.com\/index.php?rest_route=%2Fwp%2Fv2%2Ftags&post=26539"}],"curies":[{"name":"wp","href":"https:\/\/api.w.org\/{rel}","templated":true}]}}