{"id":26533,"date":"2025-04-16T21:37:19","date_gmt":"2025-04-16T21:37:19","guid":{"rendered":"https:\/\/radiocresatelital.com\/?p=26533"},"modified":"2025-04-16T21:37:19","modified_gmt":"2025-04-16T21:37:19","slug":"321volvemos-al-aula-lineamientos-para-el-inicio-de-clases-costa-galapagos-2025-2026","status":"publish","type":"post","link":"https:\/\/radiocresatelital.com\/?p=26533","title":{"rendered":"\u00a13\u20262\u20261\u2026Volvemos al aula! Lineamientos para el inicio de clases Costa-Gal\u00e1pagos 2025-2026"},"content":{"rendered":"<p>Quito.-\u00a0El Ministerio de Educaci\u00f3n se alista para el regreso a clases en el r\u00e9gimen Costa-Gal\u00e1pagos 2025-2026, programado para el 5 de mayo. M\u00e1s de 2.3 millones de estudiantes volver\u00e1n a las aulas y, para facilitar este proceso, se ha creado el documento\u00a0<strong>\u00a13\u20262\u20261\u2026 Volvemos al aula!<\/strong><\/p>\n<p>Este material incluye lineamientos y orientaciones que ayudar\u00e1n a las instituciones educativas a planificar y desarrollar sus actividades, asegurando que todo est\u00e9 en consonancia con las normativas del Sistema Nacional de Educaci\u00f3n.<\/p>\n<p>El documento incluye:<\/p>\n<ul>\n<li><strong>Cronograma escolar:<\/strong>\u00a0Un plan que orienta el trabajo durante los 200 d\u00edas del a\u00f1o lectivo.<\/li>\n<li><strong>Lista de \u00fatiles b\u00e1sica:<\/strong>\u00a0Una gu\u00eda de materiales que apoyan el proceso de ense\u00f1anza y aprendizaje.<\/li>\n<li><strong>Orientaciones pedag\u00f3gicas:<\/strong>\u00a0Sugerencias adaptadas para cada nivel educativo, que aseguran una ense\u00f1anza efectiva y pertinente para todos los estudiantes, considerando sus diferentes etapas de desarrollo y necesidades particulares.<\/li>\n<li><strong>Inserciones curriculares:<\/strong>\u00a0Implementadas por primera vez en el r\u00e9gimen Costa-Gal\u00e1pagos como parte del fortalecimiento curricular. Incluyen la hora pedag\u00f3gica de C\u00edvica y el Acompa\u00f1amiento Integral en el Aula.<\/li>\n<li><strong>Estrategia 2+2+2:<\/strong>\u00a0Un enfoque que orienta el inicio del a\u00f1o lectivo durante las primeras seis semanas, divididas en: dos de adaptaci\u00f3n, dos de diagn\u00f3stico y dos de nivelaci\u00f3n. Durante la etapa de adaptaci\u00f3n se sugiere realizar actividades l\u00fadicas y socializar normas institucionales; la etapa de diagn\u00f3stico contempla la aplicaci\u00f3n de evaluaciones diagn\u00f3sticas; y la etapa de nivelaci\u00f3n propone actividades para reducir las brechas de aprendizaje.<\/li>\n<li><strong>Gu\u00eda de sistematizaci\u00f3n de experiencias:<\/strong>\u00a0Una herramienta dise\u00f1ada para fomentar la reflexi\u00f3n y el aprendizaje continuo entre los educadores, permiti\u00e9ndoles analizar cr\u00edticamente sus pr\u00e1cticas, identificar logros y \u00e1reas de mejora, y compartir experiencias con sus colegas.<\/li>\n<\/ul>\n<p>La importancia de estos lineamientos radica en que proporcionan un marco claro, estructurado y coherente que gu\u00eda el accionar de las instituciones educativas al inicio del a\u00f1o lectivo. Aseguran la equidad en la planificaci\u00f3n y ejecuci\u00f3n de las actividades escolares, promueven pr\u00e1cticas pedag\u00f3gicas inclusivas y pertinentes, y permiten un acompa\u00f1amiento m\u00e1s efectivo a estudiantes y docentes, favoreciendo as\u00ed un entorno educativo seguro, ordenado y propicio para el aprendizaje.<\/p>\n<p>Para ver el documento se puede ingresar al siguiente enlace:\u00a0<a href=\"https:\/\/educacion.gob.ec\/wp-content\/uploads\/downloads\/2025\/04\/Volvemos-al-aula.pdf\" target=\"_blank\" rel=\"noopener\">https:\/\/educacion.gob.ec\/wp-content\/uploads\/downloads\/2025\/04\/Volvemos-al-aula.pdf<\/a><\/p>\n<p>Con estas acciones, el Ministerio de Educaci\u00f3n reafirma su compromiso con una educaci\u00f3n de calidad y con el bienestar de todos los estudiantes, confiando en que este nuevo a\u00f1o escolar ser\u00e1 una oportunidad para seguir aprendiendo y creciendo.<\/p>\n","protected":false},"excerpt":{"rendered":"<p>Quito.-\u00a0El Ministerio de Educaci\u00f3n se alista para el regreso a clases en el r\u00e9gimen Costa-Gal\u00e1pagos 2025-2026, programado para el 5 de mayo. M\u00e1s de 2.3 millones de estudiantes volver\u00e1n a las aulas y, para facilitar este proceso, se ha creado el documento\u00a0\u00a13\u20262\u20261\u2026 Volvemos al aula! Este material incluye lineamientos y orientaciones que ayudar\u00e1n a las [&hellip;]<\/p>\n","protected":false},"author":2,"featured_media":26534,"comment_status":"open","ping_status":"closed","sticky":false,"template":"","format":"standard","meta":{"_jetpack_memberships_contains_paid_content":false,"footnotes":""},"categories":[13],"tags":[444],"class_list":["post-26533","post","type-post","status-publish","format-standard","has-post-thumbnail","hentry","category-noticias-nacionales","tag-ministerio-de-educacion"],"jetpack_featured_media_url":"https:\/\/radiocresatelital.com\/wp-content\/uploads\/2025\/04\/clases-costa.png","jetpack_sharing_enabled":true,"_links":{"self":[{"href":"https:\/\/radiocresatelital.com\/index.php?rest_route=\/wp\/v2\/posts\/26533","targetHints":{"allow":["GET"]}}],"collection":[{"href":"https:\/\/radiocresatelital.com\/index.php?rest_route=\/wp\/v2\/posts"}],"about":[{"href":"https:\/\/radiocresatelital.com\/index.php?rest_route=\/wp\/v2\/types\/post"}],"author":[{"embeddable":true,"href":"https:\/\/radiocresatelital.com\/index.php?rest_route=\/wp\/v2\/users\/2"}],"replies":[{"embeddable":true,"href":"https:\/\/radiocresatelital.com\/index.php?rest_route=%2Fwp%2Fv2%2Fcomments&post=26533"}],"version-history":[{"count":1,"href":"https:\/\/radiocresatelital.com\/index.php?rest_route=\/wp\/v2\/posts\/26533\/revisions"}],"predecessor-version":[{"id":26535,"href":"https:\/\/radiocresatelital.com\/index.php?rest_route=\/wp\/v2\/posts\/26533\/revisions\/26535"}],"wp:featuredmedia":[{"embeddable":true,"href":"https:\/\/radiocresatelital.com\/index.php?rest_route=\/wp\/v2\/media\/26534"}],"wp:attachment":[{"href":"https:\/\/radiocresatelital.com\/index.php?rest_route=%2Fwp%2Fv2%2Fmedia&parent=26533"}],"wp:term":[{"taxonomy":"category","embeddable":true,"href":"https:\/\/radiocresatelital.com\/index.php?rest_route=%2Fwp%2Fv2%2Fcategories&post=26533"},{"taxonomy":"post_tag","embeddable":true,"href":"https:\/\/radiocresatelital.com\/index.php?rest_route=%2Fwp%2Fv2%2Ftags&post=26533"}],"curies":[{"name":"wp","href":"https:\/\/api.w.org\/{rel}","templated":true}]}}