{"id":26506,"date":"2025-04-16T20:24:11","date_gmt":"2025-04-16T20:24:11","guid":{"rendered":"https:\/\/radiocresatelital.com\/?p=26506"},"modified":"2025-04-16T20:24:11","modified_gmt":"2025-04-16T20:24:11","slug":"concejo-municipal-respalda-la-organizacion-de-la-regata-guayaquil-posorja","status":"publish","type":"post","link":"https:\/\/radiocresatelital.com\/?p=26506","title":{"rendered":"Concejo Municipal respalda la organizaci\u00f3n de la regata Guayaquil &#8211; Posorja"},"content":{"rendered":"<p>Guayaquil.- Por primera vez en 86 ediciones, la Alcald\u00eda de la ciudad auspicia el evento \u2018Regata de Yolas Por la Paz, Guayaquil-Posorja, Copa Guayaquil Capital Americana del Deporte\u2019, que se desarrollar\u00e1 este viernes 18 de abril.<\/p>\n<p>Esto es posible tras la sesi\u00f3n del Concejo Municipal, liderado por el Alcalde Aquiles Alvarez, en la que se aprob\u00f3 la suscripci\u00f3n del convenio de cooperaci\u00f3n y transferencia no reembolsable de USD 44.760 a la Asociaci\u00f3n Deportiva Provincial de Remo del Guayas, para cubrir parte de la organizaci\u00f3n de la jornada que es considerada como la regata m\u00e1s larga del mundo.<\/p>\n<p>El concejal Manuel Romero refiri\u00f3 que con este aporte se impulsa la pr\u00e1ctica y el nivel de remo, adem\u00e1s de visibilizar los deportes n\u00e1uticos a nivel comunitario.<\/p>\n<p>\u201cFomentar\u00e1 la integraci\u00f3n, el trabajo, el equipo, la transmisi\u00f3n de valores y la conciencia ambiental fortaleciendo la identidad local y el \u00e1mbito econ\u00f3mico y tur\u00edstico; atraer\u00e1 visitantes, generar\u00e1 empleo y proyectar\u00e1 una imagen positiva de la regi\u00f3n (\u2026) consolidando el t\u00edtulo de Capital Americana del Deporte\u201d, sostuvo.<\/p>\n<p>Entre otras novedades, el edil detall\u00f3 que el evento incluir\u00e1 por primera vez el fuerabordismo. En total, recorrer\u00e1 49 millas n\u00e1uticas, desde el Malec\u00f3n Sim\u00f3n Bol\u00edvar hasta el Malec\u00f3n de Posorja.<\/p>\n<p>El cuerpo edilicio aprob\u00f3 tambi\u00e9n la segunda adenda modificatoria al contrato de comodato otorgado el 14 de abril de 2023 por la Municipalidad a la Fundaci\u00f3n Ben\u00e9fica Acci\u00f3n Solidaria.<\/p>\n<p>La Vicealcaldesa Blanca L\u00f3pez record\u00f3 que dicha organizaci\u00f3n trabaja con la Direcci\u00f3n de la Mujer en beneficio de 1.500 mujeres en inclusi\u00f3n econ\u00f3mica y empoderamiento.<\/p>\n<p>Por ello, dijo, se ha decidido que se incorpore en la adenda, adem\u00e1s de la ampliaci\u00f3n del plazo de comodato, algunos puntos importantes para el desempe\u00f1o de la Fundaci\u00f3n: entre ellas, charlas y capacitaciones especializadas para fortalecer la formaci\u00f3n t\u00e9cnica en el \u00e1mbito textil.<\/p>\n","protected":false},"excerpt":{"rendered":"<p>Guayaquil.- Por primera vez en 86 ediciones, la Alcald\u00eda de la ciudad auspicia el evento \u2018Regata de Yolas Por la Paz, Guayaquil-Posorja, Copa Guayaquil Capital Americana del Deporte\u2019, que se desarrollar\u00e1 este viernes 18 de abril. Esto es posible tras la sesi\u00f3n del Concejo Municipal, liderado por el Alcalde Aquiles Alvarez, en la que se [&hellip;]<\/p>\n","protected":false},"author":2,"featured_media":26507,"comment_status":"open","ping_status":"closed","sticky":false,"template":"","format":"standard","meta":{"_jetpack_memberships_contains_paid_content":false,"footnotes":""},"categories":[9],"tags":[4186,4188,4187],"class_list":["post-26506","post","type-post","status-publish","format-standard","has-post-thumbnail","hentry","category-deportes","tag-regata-de-yolas-por-la-paz","tag-copa-guayaquil-capital-americana-del-deporte","tag-guayaquil-posorja"],"jetpack_featured_media_url":"https:\/\/radiocresatelital.com\/wp-content\/uploads\/2025\/04\/WhatsApp-Image-2025-04-16-at-12.21.58.jpeg","jetpack_sharing_enabled":true,"_links":{"self":[{"href":"https:\/\/radiocresatelital.com\/index.php?rest_route=\/wp\/v2\/posts\/26506","targetHints":{"allow":["GET"]}}],"collection":[{"href":"https:\/\/radiocresatelital.com\/index.php?rest_route=\/wp\/v2\/posts"}],"about":[{"href":"https:\/\/radiocresatelital.com\/index.php?rest_route=\/wp\/v2\/types\/post"}],"author":[{"embeddable":true,"href":"https:\/\/radiocresatelital.com\/index.php?rest_route=\/wp\/v2\/users\/2"}],"replies":[{"embeddable":true,"href":"https:\/\/radiocresatelital.com\/index.php?rest_route=%2Fwp%2Fv2%2Fcomments&post=26506"}],"version-history":[{"count":1,"href":"https:\/\/radiocresatelital.com\/index.php?rest_route=\/wp\/v2\/posts\/26506\/revisions"}],"predecessor-version":[{"id":26508,"href":"https:\/\/radiocresatelital.com\/index.php?rest_route=\/wp\/v2\/posts\/26506\/revisions\/26508"}],"wp:featuredmedia":[{"embeddable":true,"href":"https:\/\/radiocresatelital.com\/index.php?rest_route=\/wp\/v2\/media\/26507"}],"wp:attachment":[{"href":"https:\/\/radiocresatelital.com\/index.php?rest_route=%2Fwp%2Fv2%2Fmedia&parent=26506"}],"wp:term":[{"taxonomy":"category","embeddable":true,"href":"https:\/\/radiocresatelital.com\/index.php?rest_route=%2Fwp%2Fv2%2Fcategories&post=26506"},{"taxonomy":"post_tag","embeddable":true,"href":"https:\/\/radiocresatelital.com\/index.php?rest_route=%2Fwp%2Fv2%2Ftags&post=26506"}],"curies":[{"name":"wp","href":"https:\/\/api.w.org\/{rel}","templated":true}]}}