{"id":26487,"date":"2025-04-15T22:43:24","date_gmt":"2025-04-15T22:43:24","guid":{"rendered":"https:\/\/radiocresatelital.com\/?p=26487"},"modified":"2025-04-15T22:43:24","modified_gmt":"2025-04-15T22:43:24","slug":"paula-torres-corono-el-gran-premio-de-rio-maior-en-marcha","status":"publish","type":"post","link":"https:\/\/radiocresatelital.com\/?p=26487","title":{"rendered":"Paula Torres, coron\u00f3 el Gran Premio de Rio Maior en Marcha"},"content":{"rendered":"<p>La ecuatoriana, Paula Torres, logr\u00f3 su segunda victoria al hilo, esta vez en un evento gold\u00a0del\u00a0World Athletics Race Walking Tour<em>.<\/em> La primera la consigui\u00f3 el 22 de marzo en la prueba de 35 km en Dudince, donde adem\u00e1s obtuvo un nuevo r\u00e9cord nacional.<\/p>\n<p>Torres se proclam\u00f3 campeona en los 20km del Gran Premio Internacional de Rio Maior, disputado el s\u00e1bado 12 de abril en Portugal. La marchista logr\u00f3 un triunfo memorable con una nueva marca personal de 1:29:37, imponi\u00e9ndose sobre figuras de talla mundial como la peruana Kimberly Garc\u00eda, bicampeona del mundo, diploma ol\u00edmpico en Par\u00eds 2024 y defensora del t\u00edtulo en este torneo, tambi\u00e9n a la espa\u00f1ola Laura Garc\u00eda-Caro, ol\u00edmpica en Tokio 2020 y Par\u00eds 2024.<\/p>\n<p>Desde los primeros metros en las calles de Rio Maior, Torres integr\u00f3 el grupo l\u00edder de seis marchistas de \u00e9lite. La salida fue r\u00e1pida: el primer kil\u00f3metro se cubri\u00f3 en apenas 4:23, y pronto el grupo se redujo a cuatro. Hacia el kil\u00f3metro 15, la ecuatoriana cambi\u00f3 el ritmo y comenz\u00f3 a marcar diferencias. Garc\u00eda intent\u00f3 resistir, pero Paula no accedi\u00f3. En la \u00faltima vuelta, aument\u00f3 su ventaja a 15 segundos para asegurar un cierre con autoridad que, desde ya, marca su presencia en el Mundial de Tokio.<\/p>\n<p>La compatriotaJohana Ord\u00f3\u00f1ez, marchista ol\u00edmpica en Pek\u00edn 2008, tambi\u00e9n tuvo una actuaci\u00f3n destacada en Portugal. Aunque en esta ocasi\u00f3n no logr\u00f3 acercarse a su marca personal de 1:29:58, la experimentada atleta ecuatoriana se mantuvo en el grupo de punta durante los primeros kil\u00f3metros y con un registro de 1:33:35 se ubic\u00f3 en el cuarto lugar en la clasificaci\u00f3n general.<\/p>\n<p>Resultados:<\/p>\n<p>-Paula Torres (\u00a0<strong>Ecuador<\/strong>\u00a0) \u2013\u00a0 1:29:37<br \/>\n-Kimberly Le\u00f3n (<strong>Per\u00fa<\/strong>) \u2013 1:29:52<br \/>\n-Laura Garc\u00eda-Caro (<strong>Espa\u00f1a<\/strong>) \u2013 1:32:18<br \/>\n-Johana Ord\u00f3\u00f1ez (<strong>Ecuador<\/strong>) \u2013 1:33:35<\/p>\n","protected":false},"excerpt":{"rendered":"<p>La ecuatoriana, Paula Torres, logr\u00f3 su segunda victoria al hilo, esta vez en un evento gold\u00a0del\u00a0World Athletics Race Walking Tour. La primera la consigui\u00f3 el 22 de marzo en la prueba de 35 km en Dudince, donde adem\u00e1s obtuvo un nuevo r\u00e9cord nacional. Torres se proclam\u00f3 campeona en los 20km del Gran Premio Internacional de [&hellip;]<\/p>\n","protected":false},"author":2,"featured_media":26488,"comment_status":"open","ping_status":"closed","sticky":false,"template":"","format":"standard","meta":{"_jetpack_memberships_contains_paid_content":false,"footnotes":""},"categories":[9],"tags":[4183,4182],"class_list":["post-26487","post","type-post","status-publish","format-standard","has-post-thumbnail","hentry","category-deportes","tag-gold-del-world-athletics-race-walking-tour","tag-gran-premio-internacional-de-rio-maior"],"jetpack_featured_media_url":"https:\/\/radiocresatelital.com\/wp-content\/uploads\/2025\/04\/490192781_964259782588952_4893952527690862111_n-1.jpg","jetpack_sharing_enabled":true,"_links":{"self":[{"href":"https:\/\/radiocresatelital.com\/index.php?rest_route=\/wp\/v2\/posts\/26487","targetHints":{"allow":["GET"]}}],"collection":[{"href":"https:\/\/radiocresatelital.com\/index.php?rest_route=\/wp\/v2\/posts"}],"about":[{"href":"https:\/\/radiocresatelital.com\/index.php?rest_route=\/wp\/v2\/types\/post"}],"author":[{"embeddable":true,"href":"https:\/\/radiocresatelital.com\/index.php?rest_route=\/wp\/v2\/users\/2"}],"replies":[{"embeddable":true,"href":"https:\/\/radiocresatelital.com\/index.php?rest_route=%2Fwp%2Fv2%2Fcomments&post=26487"}],"version-history":[{"count":1,"href":"https:\/\/radiocresatelital.com\/index.php?rest_route=\/wp\/v2\/posts\/26487\/revisions"}],"predecessor-version":[{"id":26489,"href":"https:\/\/radiocresatelital.com\/index.php?rest_route=\/wp\/v2\/posts\/26487\/revisions\/26489"}],"wp:featuredmedia":[{"embeddable":true,"href":"https:\/\/radiocresatelital.com\/index.php?rest_route=\/wp\/v2\/media\/26488"}],"wp:attachment":[{"href":"https:\/\/radiocresatelital.com\/index.php?rest_route=%2Fwp%2Fv2%2Fmedia&parent=26487"}],"wp:term":[{"taxonomy":"category","embeddable":true,"href":"https:\/\/radiocresatelital.com\/index.php?rest_route=%2Fwp%2Fv2%2Fcategories&post=26487"},{"taxonomy":"post_tag","embeddable":true,"href":"https:\/\/radiocresatelital.com\/index.php?rest_route=%2Fwp%2Fv2%2Ftags&post=26487"}],"curies":[{"name":"wp","href":"https:\/\/api.w.org\/{rel}","templated":true}]}}