{"id":26443,"date":"2025-04-15T18:41:03","date_gmt":"2025-04-15T18:41:03","guid":{"rendered":"https:\/\/radiocresatelital.com\/?p=26443"},"modified":"2025-04-15T20:44:01","modified_gmt":"2025-04-15T20:44:01","slug":"alarma-en-ecuador-mas-del-70-de-la-poblacion-adulta-enfrenta-problemas-de-peso","status":"publish","type":"post","link":"https:\/\/radiocresatelital.com\/?p=26443","title":{"rendered":"Alarma en Ecuador: M\u00e1s del 70% de la poblaci\u00f3n adulta enfrenta problemas de peso"},"content":{"rendered":"<p>Quito.- El sedentarismo se ha convertido en una preocupaci\u00f3n creciente en Ecuador, alcanzando niveles alarmantes que impactan directamente en el bienestar de la poblaci\u00f3n. De acuerdo con datos de la Organizaci\u00f3n Panamericana de la Salud (OPS), el sobrepeso y la obesidad afectan a cerca del 60% de la poblaci\u00f3n adulta y a un 33% de los ni\u00f1os y adolescentes de la regi\u00f3n.<\/p>\n<p>Adem\u00e1s, un reciente estudio de la Federaci\u00f3n Mundial de Obesidad estima que en este 2025, el 71% de la poblaci\u00f3n presentar\u00e1 un \u00edndice de masa corporal (IMC) por encima de lo normal y que el 30% de los adultos en el Ecuador tendr\u00e1n obesidad, lo que aumenta significativamente el riesgo de enfermedades cr\u00f3nicas como diabetes tipo 2, hipertensi\u00f3n y afecciones cardiovasculares.<\/p>\n<p>Ante esta situaci\u00f3n, la Dra. Margarita Barahona, Subgerente M\u00e9dico de Humana S.A., enfatiza la importancia de la actividad f\u00edsica y comparte algunas recomendaciones clave para mantener una vida activa:<\/p>\n<p>\u2981 Realizar actividad f\u00edsica regularmente: Dedicar al menos 150 minutos semanales a ejercicios moderados como caminatas, ciclismo o nataci\u00f3n.<\/p>\n<p>\u2981 Fijar metas realistas: Iniciar con actividades de baja intensidad e incrementar gradualmente la duraci\u00f3n y el esfuerzo.<\/p>\n<p>\u2981 Mantener una alimentaci\u00f3n equilibrada: Priorizar una dieta rica en frutas, verduras, prote\u00ednas y granos integrales, evitando el exceso de az\u00facares y grasas saturadas.<\/p>\n<p>\u2981 Realizar chequeos m\u00e9dicos peri\u00f3dicos: Dos controles m\u00e9dicos al a\u00f1o permiten detectar factores de riesgo y prevenir enfermedades antes de que se agraven.<\/p>\n<p>El sedentarismo y los malos h\u00e1bitos de vida no solo afectan la calidad de vida, sino que son el origen de enfermedades que pueden prevenirse con peque\u00f1os cambios diarios. La clave est\u00e1 en la constancia y en hacer del movimiento una parte esencial de la rutina.<\/p>\n<p>Expertos m\u00e9dicos coinciden en que la prevenci\u00f3n es la mejor herramienta para combatir el impacto de las enfermedades cr\u00f3nicas y mejorar el estado f\u00edsico de la poblaci\u00f3n ecuatoriana. Con iniciativas que fomenten la actividad f\u00edsica y la alimentaci\u00f3n equilibrada, es posible revertir esta tendencia y reducir el impacto del sedentarismo en la sociedad.<\/p>\n","protected":false},"excerpt":{"rendered":"<p>Quito.- El sedentarismo se ha convertido en una preocupaci\u00f3n creciente en Ecuador, alcanzando niveles alarmantes que impactan directamente en el bienestar de la poblaci\u00f3n. De acuerdo con datos de la Organizaci\u00f3n Panamericana de la Salud (OPS), el sobrepeso y la obesidad afectan a cerca del 60% de la poblaci\u00f3n adulta y a un 33% de [&hellip;]<\/p>\n","protected":false},"author":2,"featured_media":26444,"comment_status":"open","ping_status":"closed","sticky":false,"template":"","format":"standard","meta":{"_jetpack_memberships_contains_paid_content":false,"footnotes":""},"categories":[1023],"tags":[4172,879],"class_list":["post-26443","post","type-post","status-publish","format-standard","has-post-thumbnail","hentry","category-salud","tag-federacion-mundial-de-obesidad","tag-organizacion-panamericana-de-la-salud"],"jetpack_featured_media_url":"https:\/\/radiocresatelital.com\/wp-content\/uploads\/2025\/04\/WhatsApp-Image-2025-04-08-at-11.57.35.jpeg","jetpack_sharing_enabled":true,"_links":{"self":[{"href":"https:\/\/radiocresatelital.com\/index.php?rest_route=\/wp\/v2\/posts\/26443","targetHints":{"allow":["GET"]}}],"collection":[{"href":"https:\/\/radiocresatelital.com\/index.php?rest_route=\/wp\/v2\/posts"}],"about":[{"href":"https:\/\/radiocresatelital.com\/index.php?rest_route=\/wp\/v2\/types\/post"}],"author":[{"embeddable":true,"href":"https:\/\/radiocresatelital.com\/index.php?rest_route=\/wp\/v2\/users\/2"}],"replies":[{"embeddable":true,"href":"https:\/\/radiocresatelital.com\/index.php?rest_route=%2Fwp%2Fv2%2Fcomments&post=26443"}],"version-history":[{"count":1,"href":"https:\/\/radiocresatelital.com\/index.php?rest_route=\/wp\/v2\/posts\/26443\/revisions"}],"predecessor-version":[{"id":26445,"href":"https:\/\/radiocresatelital.com\/index.php?rest_route=\/wp\/v2\/posts\/26443\/revisions\/26445"}],"wp:featuredmedia":[{"embeddable":true,"href":"https:\/\/radiocresatelital.com\/index.php?rest_route=\/wp\/v2\/media\/26444"}],"wp:attachment":[{"href":"https:\/\/radiocresatelital.com\/index.php?rest_route=%2Fwp%2Fv2%2Fmedia&parent=26443"}],"wp:term":[{"taxonomy":"category","embeddable":true,"href":"https:\/\/radiocresatelital.com\/index.php?rest_route=%2Fwp%2Fv2%2Fcategories&post=26443"},{"taxonomy":"post_tag","embeddable":true,"href":"https:\/\/radiocresatelital.com\/index.php?rest_route=%2Fwp%2Fv2%2Ftags&post=26443"}],"curies":[{"name":"wp","href":"https:\/\/api.w.org\/{rel}","templated":true}]}}