{"id":26381,"date":"2025-04-13T16:51:54","date_gmt":"2025-04-13T16:51:54","guid":{"rendered":"https:\/\/radiocresatelital.com\/?p=26381"},"modified":"2025-04-13T19:53:24","modified_gmt":"2025-04-13T19:53:24","slug":"2-500-familias-recibieron-ayuda-humanitaria-en-jornada-simultanea-de-la-prefectura-ciudadana-del-guayas","status":"publish","type":"post","link":"https:\/\/radiocresatelital.com\/?p=26381","title":{"rendered":"2.500 familias recibieron ayuda humanitaria en jornada simult\u00e1nea de la Prefectura Ciudadana del Guayas"},"content":{"rendered":"<p><span style=\"font-weight: 400;\">Guayaquil.- El personal de la Prefectura Ciudadana del Guayas se moviliz\u00f3 este s\u00e1bado, 12 de abril, hacia 8 cantones para entregar kits de ayuda humanitaria y toldos a 2.500 familias. Este es uno de los peores inviernos que afecta a la provincia en los \u00faltimos a\u00f1os, al punto que ha sido necesario atender 199 emergencias.<\/span><\/p>\n<p><span style=\"font-weight: 400;\">La prefecta Marcela Agui\u00f1aga lider\u00f3 la acci\u00f3n, dirigida principalmente a las familias m\u00e1s vulnerables. Ella acudi\u00f3 a las zonas rurales de Las Maravillas, en Daule, y Pi\u00f1al de Arriba, en Santa Luc\u00eda, donde no se puede regresar a\u00fan a las actividades agr\u00edcolas por el desbordamiento de r\u00edos y esteros. Los otros cantones atendidos fueron: Naranjal, Marcelino Maridue\u00f1a, Sim\u00f3n Bol\u00edvar, Jujan, Salitre y Samborond\u00f3n.<\/span><\/p>\n<p><span style=\"font-weight: 400;\">\u201cEstamos dando colaboraci\u00f3n y asistencia de ayuda humanitaria a la poblaci\u00f3n, que b\u00e1sicamente son raciones alimenticias, acompa\u00f1amiento con brigadas m\u00e9dicas, fortalecimiento y apoyo a los bomberos con el equipo de salvamento, apoyo a los albergues y brigadas de fumigaci\u00f3n\u201d, enumer\u00f3 la prefecta Agui\u00f1aga al rese\u00f1ar que se ha intensificado el trabajo para atender a los 25 cantones de la provincia.<\/span><\/p>\n<p><span style=\"font-weight: 400;\">La ayuda significa esperanza para los beneficiarios. Marcos Sell\u00e1n, en Las Maravillas, expres\u00f3 su agradecimiento por la ayuda brindada. \u201cEl invierno est\u00e1 bien bravo y nos ayuda a solventar nuestra econom\u00eda porque no hay a d\u00f3nde laborar y no se gana para el sustento\u201d. Mientras que, en Pi\u00f1al de Arriba, J\u00e9ssica Torres se lament\u00f3 de que el recinto sigue \u201ca pique\u201d, producto de las crecientes del r\u00edo Daule. \u201cEstamos mal porque todos los sembr\u00edos se pierden. (Esta ayuda) es bastante necesaria porque mi esposo no est\u00e1 trabajando\u201d.<\/span><\/p>\n<p><span style=\"font-weight: 400;\">En otros cantones, la ayuda se distribuy\u00f3 entre zonas urbanas y rurales. En Jujan, por ejemplo, fue necesario llevar en canoa los kits de alimentos hasta casas cuyos alrededores permanecen inundados por la crecida de r\u00edos como Chilintomo y Los Amarillos. En la cabecera cantonal de Naranjal, en cambio, hay zonas donde, por ahora, el agua ha bajado. Pese a ello, fue necesaria la entrega de ayuda humanitaria por la alta vulnerabilidad de la poblaci\u00f3n.<\/span><\/p>\n","protected":false},"excerpt":{"rendered":"<p>Guayaquil.- El personal de la Prefectura Ciudadana del Guayas se moviliz\u00f3 este s\u00e1bado, 12 de abril, hacia 8 cantones para entregar kits de ayuda humanitaria y toldos a 2.500 familias. Este es uno de los peores inviernos que afecta a la provincia en los \u00faltimos a\u00f1os, al punto que ha sido necesario atender 199 emergencias. [&hellip;]<\/p>\n","protected":false},"author":2,"featured_media":26382,"comment_status":"open","ping_status":"closed","sticky":false,"template":"","format":"standard","meta":{"_jetpack_memberships_contains_paid_content":false,"footnotes":""},"categories":[13],"tags":[4165],"class_list":["post-26381","post","type-post","status-publish","format-standard","has-post-thumbnail","hentry","category-noticias-nacionales","tag-prefectura-ciudadana-del-guaya"],"jetpack_featured_media_url":"https:\/\/radiocresatelital.com\/wp-content\/uploads\/2025\/04\/WhatsApp-Image-2025-04-13-at-14.50.48.jpeg","jetpack_sharing_enabled":true,"_links":{"self":[{"href":"https:\/\/radiocresatelital.com\/index.php?rest_route=\/wp\/v2\/posts\/26381","targetHints":{"allow":["GET"]}}],"collection":[{"href":"https:\/\/radiocresatelital.com\/index.php?rest_route=\/wp\/v2\/posts"}],"about":[{"href":"https:\/\/radiocresatelital.com\/index.php?rest_route=\/wp\/v2\/types\/post"}],"author":[{"embeddable":true,"href":"https:\/\/radiocresatelital.com\/index.php?rest_route=\/wp\/v2\/users\/2"}],"replies":[{"embeddable":true,"href":"https:\/\/radiocresatelital.com\/index.php?rest_route=%2Fwp%2Fv2%2Fcomments&post=26381"}],"version-history":[{"count":1,"href":"https:\/\/radiocresatelital.com\/index.php?rest_route=\/wp\/v2\/posts\/26381\/revisions"}],"predecessor-version":[{"id":26383,"href":"https:\/\/radiocresatelital.com\/index.php?rest_route=\/wp\/v2\/posts\/26381\/revisions\/26383"}],"wp:featuredmedia":[{"embeddable":true,"href":"https:\/\/radiocresatelital.com\/index.php?rest_route=\/wp\/v2\/media\/26382"}],"wp:attachment":[{"href":"https:\/\/radiocresatelital.com\/index.php?rest_route=%2Fwp%2Fv2%2Fmedia&parent=26381"}],"wp:term":[{"taxonomy":"category","embeddable":true,"href":"https:\/\/radiocresatelital.com\/index.php?rest_route=%2Fwp%2Fv2%2Fcategories&post=26381"},{"taxonomy":"post_tag","embeddable":true,"href":"https:\/\/radiocresatelital.com\/index.php?rest_route=%2Fwp%2Fv2%2Ftags&post=26381"}],"curies":[{"name":"wp","href":"https:\/\/api.w.org\/{rel}","templated":true}]}}