{"id":26375,"date":"2025-04-13T18:14:06","date_gmt":"2025-04-13T18:14:06","guid":{"rendered":"https:\/\/radiocresatelital.com\/?p=26375"},"modified":"2025-04-13T18:14:06","modified_gmt":"2025-04-13T18:14:06","slug":"dice-que-mis-derechos-politicos-han-sido-retirados-y-que-no-puedo-votar-de-una-manera-injusta-sin-pruebas-veronica-abad","status":"publish","type":"post","link":"https:\/\/radiocresatelital.com\/?p=26375","title":{"rendered":"Dice que mis derechos pol\u00edticos han sido retirados y que no puedo votar, de una manera injusta, sin pruebas, Ver\u00f3nica Abad"},"content":{"rendered":"<p>Cuenca.- En la jornada de las elecciones durante la segunda vuelta electoral, la VicePresidenta del Ecuador se present\u00f3 en las instalaciones del Colegio Manuel J. Calle en Cuenca a ejercer su derecho al voto.<\/p>\n<p>La sra. Ver\u00f3nica Abad estuvo acompa\u00f1ada de su seguridad y tambipen de militares donde camin\u00f3 hasta la junta receptora del voto y consult\u00f3 si podr\u00eda votar.<\/p>\n<p>A las personas que estaban en la mesa les consult\u00f3:\u00bb\u00bfEst\u00e1 mi certificado de votaci\u00f3n? \u00bfPuedo votar?\u00bb, y los integrantes de la mesa le comunicaron que est\u00e1 en condiciones de votar.<\/p>\n<p>\u00abComo pueden ver, estoy empadronada, tengo mi certificado de votaci\u00f3n y podr\u00eda votar, de acuerdo a la presidenta de la Junta\u00bb, fue el comentario de Ver\u00f3nica Abad a los medios de comunicaci\u00f3n que se hicieron presente en el recinto electoral.<\/p>\n<p>\u00abDice que mis derechos pol\u00edticos han sido retirados y que no puedo votar, de una manera injusta, sin pruebas\u00bb, por parte del Tribunal Contencioso y Electoral y no vot\u00f3.<\/p>\n<p>Ver\u00f3nica Abad, tom\u00f3 la decisi\u00f3n de acatar la resoluci\u00f3n del Tribunal y es por ese motivo que no sufrag\u00f3.<\/p>\n<p>Cabe recordar, que el Tribunal Contencioso Electoral dej\u00f3 en firme la sentencia que suspende los derechos pol\u00edticos de la vicepresidenta electa Ver\u00f3nica Abad, luego de ser denunciada por violencia pol\u00edtica de g\u00e9nero por la canciller Gabriela Sommerfeld.<\/p>\n","protected":false},"excerpt":{"rendered":"<p>Cuenca.- En la jornada de las elecciones durante la segunda vuelta electoral, la VicePresidenta del Ecuador se present\u00f3 en las instalaciones del Colegio Manuel J. Calle en Cuenca a ejercer su derecho al voto. La sra. Ver\u00f3nica Abad estuvo acompa\u00f1ada de su seguridad y tambipen de militares donde camin\u00f3 hasta la junta receptora del voto [&hellip;]<\/p>\n","protected":false},"author":2,"featured_media":26376,"comment_status":"open","ping_status":"closed","sticky":false,"template":"","format":"standard","meta":{"_jetpack_memberships_contains_paid_content":false,"footnotes":""},"categories":[13],"tags":[810],"class_list":["post-26375","post","type-post","status-publish","format-standard","has-post-thumbnail","hentry","category-noticias-nacionales","tag-veronica-abad"],"jetpack_featured_media_url":"https:\/\/radiocresatelital.com\/wp-content\/uploads\/2025\/04\/67fbf565a95c9.jpeg","jetpack_sharing_enabled":true,"_links":{"self":[{"href":"https:\/\/radiocresatelital.com\/index.php?rest_route=\/wp\/v2\/posts\/26375","targetHints":{"allow":["GET"]}}],"collection":[{"href":"https:\/\/radiocresatelital.com\/index.php?rest_route=\/wp\/v2\/posts"}],"about":[{"href":"https:\/\/radiocresatelital.com\/index.php?rest_route=\/wp\/v2\/types\/post"}],"author":[{"embeddable":true,"href":"https:\/\/radiocresatelital.com\/index.php?rest_route=\/wp\/v2\/users\/2"}],"replies":[{"embeddable":true,"href":"https:\/\/radiocresatelital.com\/index.php?rest_route=%2Fwp%2Fv2%2Fcomments&post=26375"}],"version-history":[{"count":1,"href":"https:\/\/radiocresatelital.com\/index.php?rest_route=\/wp\/v2\/posts\/26375\/revisions"}],"predecessor-version":[{"id":26377,"href":"https:\/\/radiocresatelital.com\/index.php?rest_route=\/wp\/v2\/posts\/26375\/revisions\/26377"}],"wp:featuredmedia":[{"embeddable":true,"href":"https:\/\/radiocresatelital.com\/index.php?rest_route=\/wp\/v2\/media\/26376"}],"wp:attachment":[{"href":"https:\/\/radiocresatelital.com\/index.php?rest_route=%2Fwp%2Fv2%2Fmedia&parent=26375"}],"wp:term":[{"taxonomy":"category","embeddable":true,"href":"https:\/\/radiocresatelital.com\/index.php?rest_route=%2Fwp%2Fv2%2Fcategories&post=26375"},{"taxonomy":"post_tag","embeddable":true,"href":"https:\/\/radiocresatelital.com\/index.php?rest_route=%2Fwp%2Fv2%2Ftags&post=26375"}],"curies":[{"name":"wp","href":"https:\/\/api.w.org\/{rel}","templated":true}]}}