{"id":2636,"date":"2023-08-15T21:28:16","date_gmt":"2023-08-15T21:28:16","guid":{"rendered":"https:\/\/radiocresatelital.com\/?p=2636"},"modified":"2023-08-15T21:28:16","modified_gmt":"2023-08-15T21:28:16","slug":"nueva-zelanda-y-australia-buscan-organizar-un-mundial-de-varones","status":"publish","type":"post","link":"https:\/\/radiocresatelital.com\/?p=2636","title":{"rendered":"Nueva Zelanda y Australia buscan organizar un Mundial de Varones"},"content":{"rendered":"<p class=\"text__text__1FZLe text__dark-grey__3Ml43 text__regular__2N1Xr text__small__1kGq2 body__full_width__ekUdw body__small_body__2vQyf article-body__paragraph__2-BtD\" data-testid=\"paragraph-0\"><span>Sidney.- El Mundial Femenino ha llenado la retina de los aficionados en Australia y Nueva Zelanda a la espera de asociarse de nuevo para acoger un torneo como el Mundial de F\u00fatbol, dijo el presidente ejecutivo Andrew Pragnell.<\/span><\/p>\n<p class=\"text__text__1FZLe text__dark-grey__3Ml43 text__regular__2N1Xr text__small__1kGq2 body__full_width__ekUdw body__small_body__2vQyf article-body__paragraph__2-BtD\" data-testid=\"paragraph-1\"><span>La primera Copa Mundial Femenina de 32 equipos, y la primera organizada por m\u00e1s de un pa\u00eds, ha sido la m\u00e1s concurrida en la historia del torneo y gener\u00f3 multitudes r\u00e9cord para los partidos de f\u00fatbol femenino en Australia y Nueva Zelanda.<\/span><\/p>\n<div class=\"article-body__element__2p5pI\">\n<div class=\"spacing-container__container__2g5QT spacing-container__t-spacing-single-three-quarters__2_moJ spacing-container__b-spacing-single-three-quarters__1fuBK spacing-container__max-width__zScFd\" data-testid=\"ResponsiveAdSlot\">\n<div class=\"ad-slot__container__FEnoz ad-slot__fixed-height__6m70D\">\n<div class=\"ad-slot__inner__2u45U\">\n<div>\u00abObviamente, ambos estamos absortos con la forma en que ha ido el torneo\u00bb, dijo Pragnell al sitio web de noticias Stuff de Nueva Zelanda.<\/div>\n<\/div>\n<\/div>\n<\/div>\n<\/div>\n<p class=\"text__text__1FZLe text__dark-grey__3Ml43 text__regular__2N1Xr text__small__1kGq2 body__full_width__ekUdw body__small_body__2vQyf article-body__paragraph__2-BtD\" data-testid=\"paragraph-3\"><span>\u00abLa FIFA est\u00e1 encantada y no podr\u00eda estar m\u00e1s feliz tambi\u00e9n. Hemos demostrado lo que siempre supimos: que organizar\u00edamos la mejor Copa Mundial Femenina de la historia\u00bb.<\/span><\/p>\n<p class=\"text__text__1FZLe text__dark-grey__3Ml43 text__regular__2N1Xr text__small__1kGq2 body__full_width__ekUdw body__small_body__2vQyf article-body__paragraph__2-BtD\" data-testid=\"paragraph-4\"><span>\u00abEs natural que en alg\u00fan momento en el futuro organicemos una Copa del Mundo masculina.<\/span><\/p>\n<p class=\"text__text__1FZLe text__dark-grey__3Ml43 text__regular__2N1Xr text__small__1kGq2 body__full_width__ekUdw body__small_body__2vQyf article-body__paragraph__2-BtD\" data-testid=\"paragraph-5\"><span>\u00abEs probable que sea una especie de asociaci\u00f3n de Asia y el Pac\u00edfico, y sin duda ver\u00eda a Australia y Nueva Zelanda como una base para eso\u00bb.<\/span><\/p>\n<div class=\"article-body__element__2p5pI\">\n<div class=\"spacing-container__container__2g5QT spacing-container__t-spacing-single-three-quarters__2_moJ spacing-container__b-spacing-single-three-quarters__1fuBK spacing-container__max-width__zScFd\" data-testid=\"ResponsiveAdSlot\">\n<div class=\"ad-slot__container__FEnoz ad-slot__fixed-height__6m70D\">El jefe de f\u00fatbol de Australia, James Johnson, ha dicho en repetidas ocasiones que a Australia le gustar\u00eda albergar la Copa Mundial masculina, pero necesitar\u00e1 estadios que cumplan con los requisitos de la FIFA.<\/div>\n<\/div>\n<\/div>\n<p class=\"text__text__1FZLe text__dark-grey__3Ml43 text__regular__2N1Xr text__small__1kGq2 body__full_width__ekUdw body__small_body__2vQyf article-body__paragraph__2-BtD\" data-testid=\"paragraph-7\"><span>El organismo rector mundial requiere que los anfitriones tengan un m\u00ednimo de 40.000 asientos para los partidos de la fase de grupos, 60.000 para las semifinales y 80.000 para la final.<\/span><\/p>\n<p class=\"text__text__1FZLe text__dark-grey__3Ml43 text__regular__2N1Xr text__small__1kGq2 body__full_width__ekUdw body__small_body__2vQyf article-body__paragraph__2-BtD\" data-testid=\"paragraph-8\"><span>El Eden Park de Auckland, con capacidad para 50.000 espectadores, es el \u00fanico estadio de Nueva Zelanda que alcanza el umbral para los partidos de la fase de grupos.<\/span><\/p>\n<div class=\"article-body__element__2p5pI\">\n<div class=\"spacing-container__container__2g5QT spacing-container__t-spacing-single-three-quarters__2_moJ spacing-container__b-spacing-single-three-quarters__1fuBK spacing-container__always__1sLhR spacing-container__max-width__zScFd\" data-testid=\"ResponsiveAdSlot\">\n<div class=\"ad-slot__container__FEnoz ad-slot__fixed-height__6m70D\">Pragnell dijo que Nueva Zelanda querr\u00eda ponerse en contacto con la FIFA sobre el tema de los estadios.<\/div>\n<\/div>\n<\/div>\n<p class=\"text__text__1FZLe text__dark-grey__3Ml43 text__regular__2N1Xr text__small__1kGq2 body__full_width__ekUdw body__small_body__2vQyf article-body__paragraph__2-BtD\" data-testid=\"paragraph-10\"><span>\u201cNo creo que nadie quiera ver un escenario en el que se construya infraestructura que no se vuelva a utilizar\u201d, dijo.<\/span><\/p>\n<p class=\"text__text__1FZLe text__dark-grey__3Ml43 text__regular__2N1Xr text__small__1kGq2 body__full_width__ekUdw body__small_body__2vQyf article-body__paragraph__2-BtD\" data-testid=\"paragraph-11\"><span>\u00abSeg\u00fan nuestras experiencias con la FIFA en esta Copa del Mundo, est\u00e1n dispuestos a trabajar contigo y ser flexibles\u00bb.<\/span><\/p>\n<p class=\"text__text__1FZLe text__dark-grey__3Ml43 text__regular__2N1Xr text__small__1kGq2 body__full_width__ekUdw body__small_body__2vQyf article-body__paragraph__2-BtD\" data-testid=\"paragraph-12\"><span>La pr\u00f3xima Copa del Mundo masculina en 2026 ser\u00e1 organizada por Estados Unidos, Canad\u00e1 y M\u00e9xico.<\/span><\/p>\n","protected":false},"excerpt":{"rendered":"<p>Sidney.- El Mundial Femenino ha llenado la retina de los aficionados en Australia y Nueva Zelanda a la espera de asociarse de nuevo para acoger un torneo como el Mundial de F\u00fatbol, dijo el presidente ejecutivo Andrew Pragnell. La primera Copa Mundial Femenina de 32 equipos, y la primera organizada por m\u00e1s de un pa\u00eds, [&hellip;]<\/p>\n","protected":false},"author":2,"featured_media":2638,"comment_status":"open","ping_status":"closed","sticky":false,"template":"","format":"standard","meta":{"_jetpack_memberships_contains_paid_content":false,"footnotes":""},"categories":[7],"tags":[547,548,549],"class_list":["post-2636","post","type-post","status-publish","format-standard","has-post-thumbnail","hentry","category-futbol-internacional","tag-andrew-pragnell","tag-australia","tag-nueva-zelanda"],"jetpack_featured_media_url":"https:\/\/radiocresatelital.com\/wp-content\/uploads\/2023\/08\/Trofeo-oficial-FIFA-de-la-Copa-del-Mundo-de-futbol.jpg","jetpack_sharing_enabled":true,"_links":{"self":[{"href":"https:\/\/radiocresatelital.com\/index.php?rest_route=\/wp\/v2\/posts\/2636","targetHints":{"allow":["GET"]}}],"collection":[{"href":"https:\/\/radiocresatelital.com\/index.php?rest_route=\/wp\/v2\/posts"}],"about":[{"href":"https:\/\/radiocresatelital.com\/index.php?rest_route=\/wp\/v2\/types\/post"}],"author":[{"embeddable":true,"href":"https:\/\/radiocresatelital.com\/index.php?rest_route=\/wp\/v2\/users\/2"}],"replies":[{"embeddable":true,"href":"https:\/\/radiocresatelital.com\/index.php?rest_route=%2Fwp%2Fv2%2Fcomments&post=2636"}],"version-history":[{"count":1,"href":"https:\/\/radiocresatelital.com\/index.php?rest_route=\/wp\/v2\/posts\/2636\/revisions"}],"predecessor-version":[{"id":2639,"href":"https:\/\/radiocresatelital.com\/index.php?rest_route=\/wp\/v2\/posts\/2636\/revisions\/2639"}],"wp:featuredmedia":[{"embeddable":true,"href":"https:\/\/radiocresatelital.com\/index.php?rest_route=\/wp\/v2\/media\/2638"}],"wp:attachment":[{"href":"https:\/\/radiocresatelital.com\/index.php?rest_route=%2Fwp%2Fv2%2Fmedia&parent=2636"}],"wp:term":[{"taxonomy":"category","embeddable":true,"href":"https:\/\/radiocresatelital.com\/index.php?rest_route=%2Fwp%2Fv2%2Fcategories&post=2636"},{"taxonomy":"post_tag","embeddable":true,"href":"https:\/\/radiocresatelital.com\/index.php?rest_route=%2Fwp%2Fv2%2Ftags&post=2636"}],"curies":[{"name":"wp","href":"https:\/\/api.w.org\/{rel}","templated":true}]}}