{"id":26351,"date":"2025-04-13T16:19:30","date_gmt":"2025-04-13T16:19:30","guid":{"rendered":"https:\/\/radiocresatelital.com\/?p=26351"},"modified":"2025-04-13T16:19:30","modified_gmt":"2025-04-13T16:19:30","slug":"hoy-es-un-dia-importante-para-ecuador-daniel-noboa","status":"publish","type":"post","link":"https:\/\/radiocresatelital.com\/?p=26351","title":{"rendered":"Hoy es un d\u00eda importante para Ecuador, Daniel Noboa"},"content":{"rendered":"<p class=\"prose-text\" data-mrf-recirculation=\"Links article\">Salinas.- El Presidente de la Rep\u00fablica, Daniel Noboa, arrib\u00f3 hasta Ol\u00f3n y se acerc\u00f3 a su recinto electoral para ejercer su derecho al voto.<\/p>\n<p class=\"prose-text\" data-mrf-recirculation=\"Links article\">Cabe indicar que el operativo de seguridad se realiz\u00f3 con una hora de anticipaci\u00f3n en la Unidad Educativa Dr. Antonio Moya S\u00e1nchez.<\/p>\n<div class=\"embeded-image mb-6 bg-grey-100\"><\/div>\n<p class=\"prose-text\" data-mrf-recirculation=\"Links article\">Desde las 07h00 locales (12h00 GMT) se dio inicio a la jornada electoral en este recinto electoral que se desarroll\u00f3 con toda normalidad hasta la llegada del primer mandatario donde est\u00e1n empadronados 1.243 ciudadanos.<\/p>\n<p class=\"prose-text\" data-mrf-recirculation=\"Links article\">El candidato Presidente acudi\u00f3 junto a la primera dama de la naci\u00f3n, Lavinia Valbonesi, la misma que ya hab\u00eda ejercido su voto en Guayaquil junto a sus tres hijos.<\/p>\n<p class=\"prose-text\" data-mrf-recirculation=\"Links article\">En declaraciones a los diferentes medios de comunicaci\u00f3n indic\u00f3: \u201cHoy ganamos. Hoy es un d\u00eda importante para Ecuador\u201d.<b>\u00a0<\/b><\/p>\n","protected":false},"excerpt":{"rendered":"<p>Salinas.- El Presidente de la Rep\u00fablica, Daniel Noboa, arrib\u00f3 hasta Ol\u00f3n y se acerc\u00f3 a su recinto electoral para ejercer su derecho al voto. Cabe indicar que el operativo de seguridad se realiz\u00f3 con una hora de anticipaci\u00f3n en la Unidad Educativa Dr. Antonio Moya S\u00e1nchez. Desde las 07h00 locales (12h00 GMT) se dio inicio [&hellip;]<\/p>\n","protected":false},"author":2,"featured_media":26352,"comment_status":"open","ping_status":"closed","sticky":false,"template":"","format":"standard","meta":{"_jetpack_memberships_contains_paid_content":false,"footnotes":""},"categories":[13],"tags":[1322],"class_list":["post-26351","post","type-post","status-publish","format-standard","has-post-thumbnail","hentry","category-noticias-nacionales","tag-presidente-daniel-noboa"],"jetpack_featured_media_url":"https:\/\/radiocresatelital.com\/wp-content\/uploads\/2025\/04\/whatsapp-image-2024-04-21-at-101046-amjpeg.jpg","jetpack_sharing_enabled":true,"_links":{"self":[{"href":"https:\/\/radiocresatelital.com\/index.php?rest_route=\/wp\/v2\/posts\/26351","targetHints":{"allow":["GET"]}}],"collection":[{"href":"https:\/\/radiocresatelital.com\/index.php?rest_route=\/wp\/v2\/posts"}],"about":[{"href":"https:\/\/radiocresatelital.com\/index.php?rest_route=\/wp\/v2\/types\/post"}],"author":[{"embeddable":true,"href":"https:\/\/radiocresatelital.com\/index.php?rest_route=\/wp\/v2\/users\/2"}],"replies":[{"embeddable":true,"href":"https:\/\/radiocresatelital.com\/index.php?rest_route=%2Fwp%2Fv2%2Fcomments&post=26351"}],"version-history":[{"count":1,"href":"https:\/\/radiocresatelital.com\/index.php?rest_route=\/wp\/v2\/posts\/26351\/revisions"}],"predecessor-version":[{"id":26353,"href":"https:\/\/radiocresatelital.com\/index.php?rest_route=\/wp\/v2\/posts\/26351\/revisions\/26353"}],"wp:featuredmedia":[{"embeddable":true,"href":"https:\/\/radiocresatelital.com\/index.php?rest_route=\/wp\/v2\/media\/26352"}],"wp:attachment":[{"href":"https:\/\/radiocresatelital.com\/index.php?rest_route=%2Fwp%2Fv2%2Fmedia&parent=26351"}],"wp:term":[{"taxonomy":"category","embeddable":true,"href":"https:\/\/radiocresatelital.com\/index.php?rest_route=%2Fwp%2Fv2%2Fcategories&post=26351"},{"taxonomy":"post_tag","embeddable":true,"href":"https:\/\/radiocresatelital.com\/index.php?rest_route=%2Fwp%2Fv2%2Ftags&post=26351"}],"curies":[{"name":"wp","href":"https:\/\/api.w.org\/{rel}","templated":true}]}}