{"id":26346,"date":"2025-04-12T21:04:42","date_gmt":"2025-04-12T21:04:42","guid":{"rendered":"https:\/\/radiocresatelital.com\/?p=26346"},"modified":"2025-04-12T21:04:42","modified_gmt":"2025-04-12T21:04:42","slug":"nuevo-estado-de-excepcion-decretado-por-el-presidente-de-la-republica","status":"publish","type":"post","link":"https:\/\/radiocresatelital.com\/?p=26346","title":{"rendered":"Nuevo estado de excepci\u00f3n decretado por el Presidente de la Rep\u00fablica"},"content":{"rendered":"<p class=\"prose-text\" data-mrf-recirculation=\"Links article\">Quito.- El Presidente de la Rep\u00fablica, Daniel Noboa, ha declarado un nuevo estado de excepci\u00f3n en siete provincias del Pa\u00eds como Guayas, Los R\u00edos, Manab\u00ed, Orellana, Santa Elena, El Oro, y Sucumb\u00edos.<\/p>\n<p class=\"prose-text\" data-mrf-recirculation=\"Links article\">En el documento que se encuentra en las diferentes sociales de la Presidencia del Ecuador se ha incluido al Distrito Metropolitano de Quito en Pichincha, pero adem\u00e1s se suma Camilo Ponce Enr\u00edquez un cant\u00f3n que pertenece a la Provincia del Azuay.<\/p>\n<p class=\"prose-text\" data-mrf-recirculation=\"Links article\">En este decreto se establece que tambi\u00e9n se incluye los centros de privaci\u00f3n de la libertad que integran el Sistema Nacional de Rehabilitaci\u00f3n Social en todo el Ecuador por grave conmoci\u00f3n interna.<\/p>\n<div class=\"inline-element px-2 table m-auto pb-2 bg-white text-center border border-grey-100 text-xs\">\n<div id=\"ad-ampliada-content\">\n<div id=\"ad-ampliada\" class=\"m-auto flex items-center\" data-google-query-id=\"CNjO0POs04wDFWkfigMd004DAA\">\n<div id=\"google_ads_iframe_\/78858240\/ElUniverso.com\/Universo_Ampliada_0__container__\">Este decreto lo ha firmado el mandatario ecuatoriano este 12 de abril, cuando solo resta un d\u00eda para las elecciones de la segunda vuelta electoral en busca del nuevo Presidente del Ecuador.<\/p>\n<\/div>\n<div>Este estado de excepci\u00f3n tiene una duraci\u00f3n de 60 d\u00edas.<\/div>\n<div><\/div>\n<\/div>\n<\/div>\n<\/div>\n<div class=\"inline-element\">\n<div>\n<div id=\"active-campaing-form-marcador\">Se indica en el decreto la justificaci\u00f3n para el nuevo estado de excepci\u00f3n, ya que el indice de violencia se ha incrementado en estas provincias.<\/div>\n<\/div>\n<\/div>\n<div class=\"inline-element px-2 table m-auto pb-2 bg-white text-center border border-grey-100 text-xs\">\n<div id=\"ad-box1-content\">\n<div id=\"ad-box1\" class=\"m-auto flex items-center\" data-google-query-id=\"CO2p4_Os04wDFWgUigMdVQYMwQ\">\nCabe mencionar que el toque de queda se inicia a las 22h00 a 05h00 locales (03h00 a 10h00 GMT) en 22 cantones del pa\u00eds.<\/div>\n<\/div>\n<\/div>\n","protected":false},"excerpt":{"rendered":"<p>Quito.- El Presidente de la Rep\u00fablica, Daniel Noboa, ha declarado un nuevo estado de excepci\u00f3n en siete provincias del Pa\u00eds como Guayas, Los R\u00edos, Manab\u00ed, Orellana, Santa Elena, El Oro, y Sucumb\u00edos. En el documento que se encuentra en las diferentes sociales de la Presidencia del Ecuador se ha incluido al Distrito Metropolitano de Quito [&hellip;]<\/p>\n","protected":false},"author":2,"featured_media":26347,"comment_status":"open","ping_status":"closed","sticky":false,"template":"","format":"standard","meta":{"_jetpack_memberships_contains_paid_content":false,"footnotes":""},"categories":[13],"tags":[1322],"class_list":["post-26346","post","type-post","status-publish","format-standard","has-post-thumbnail","hentry","category-noticias-nacionales","tag-presidente-daniel-noboa"],"jetpack_featured_media_url":"https:\/\/radiocresatelital.com\/wp-content\/uploads\/2025\/04\/1-164-700x391-1.jpg","jetpack_sharing_enabled":true,"_links":{"self":[{"href":"https:\/\/radiocresatelital.com\/index.php?rest_route=\/wp\/v2\/posts\/26346","targetHints":{"allow":["GET"]}}],"collection":[{"href":"https:\/\/radiocresatelital.com\/index.php?rest_route=\/wp\/v2\/posts"}],"about":[{"href":"https:\/\/radiocresatelital.com\/index.php?rest_route=\/wp\/v2\/types\/post"}],"author":[{"embeddable":true,"href":"https:\/\/radiocresatelital.com\/index.php?rest_route=\/wp\/v2\/users\/2"}],"replies":[{"embeddable":true,"href":"https:\/\/radiocresatelital.com\/index.php?rest_route=%2Fwp%2Fv2%2Fcomments&post=26346"}],"version-history":[{"count":1,"href":"https:\/\/radiocresatelital.com\/index.php?rest_route=\/wp\/v2\/posts\/26346\/revisions"}],"predecessor-version":[{"id":26348,"href":"https:\/\/radiocresatelital.com\/index.php?rest_route=\/wp\/v2\/posts\/26346\/revisions\/26348"}],"wp:featuredmedia":[{"embeddable":true,"href":"https:\/\/radiocresatelital.com\/index.php?rest_route=\/wp\/v2\/media\/26347"}],"wp:attachment":[{"href":"https:\/\/radiocresatelital.com\/index.php?rest_route=%2Fwp%2Fv2%2Fmedia&parent=26346"}],"wp:term":[{"taxonomy":"category","embeddable":true,"href":"https:\/\/radiocresatelital.com\/index.php?rest_route=%2Fwp%2Fv2%2Fcategories&post=26346"},{"taxonomy":"post_tag","embeddable":true,"href":"https:\/\/radiocresatelital.com\/index.php?rest_route=%2Fwp%2Fv2%2Ftags&post=26346"}],"curies":[{"name":"wp","href":"https:\/\/api.w.org\/{rel}","templated":true}]}}