{"id":2631,"date":"2023-08-15T21:07:10","date_gmt":"2023-08-15T21:07:10","guid":{"rendered":"https:\/\/radiocresatelital.com\/?p=2631"},"modified":"2023-08-15T21:07:10","modified_gmt":"2023-08-15T21:07:10","slug":"soy-aqui-en-arabia-sadita-y-del-al-hilal-neymar-jr","status":"publish","type":"post","link":"https:\/\/radiocresatelital.com\/?p=2631","title":{"rendered":"Soy aqu\u00ed en Arabia Sadita y del Al Hilal, Neymar Jr."},"content":{"rendered":"<p>Par\u00eds.- Durante la presentaci\u00f3n del delantero brasile\u00f1o, Neymar Jr., manifest\u00f3: \u00abSoy aqu\u00ed en Arabia Sadita y del Al Hilal\u00bb, para confirmar su traspaso del Par\u00eds Saint-Germain al equipo de la Saudi League.<\/p>\n<p>La prensa brasile\u00f1a hab\u00eda publicado en la v\u00edspera que Al Hilal hab\u00eda llegado a un acuerdo con PSG para comprar en 100 millones de euros el pase de Neymar, de 31 a\u00f1os.<\/p>\n<p>El propio Neymar eligi\u00f3 su cuenta de la red social que se llamaba Twitter y fue rebautizada como \u00abX\u00bb para confirmar su arribo al Al Hilal, con el que firmar\u00e1 por dos temporadas a cambio de 320 millones de euros.<\/p>\n<p>Los medios brasile\u00f1os informaron este martes que Al Hilal planea presentar formalmente a Neymar el viernes 18 o el s\u00e1bado 19, cuando el equipo incluso considera alinear a su flamante refuerzo en el duelo de local ante Al Fayha por la segunda fecha de la Saudi League<\/p>\n<p>\u00abSiempre es dif\u00edcil decir adi\u00f3s a un jugador del calibre de Neymar, uno de los mejores del mundo\u00bb, expres\u00f3 en tanto el presidente del PSG, el qatar\u00ed Nasser Al Khelaifi, mediante una nota difundida por el club franc\u00e9s.<\/p>\n<p>\u00abNunca olvidar\u00e9 el d\u00eda que lleg\u00f3 al PSG y la contribuci\u00f3n que dio a nuestro club y a nuestros proyectos en estos seis a\u00f1os. Vivimos grandes momentos, y Neymar ser\u00e1 siempre parte de nuestra historia\u00bb, asegur\u00f3 Al Khelaifi sobre el brasile\u00f1o, arribado en 2017 procedente del Barcelona a cambio de 222 millones de euros.<\/p>\n","protected":false},"excerpt":{"rendered":"<p>Par\u00eds.- Durante la presentaci\u00f3n del delantero brasile\u00f1o, Neymar Jr., manifest\u00f3: \u00abSoy aqu\u00ed en Arabia Sadita y del Al Hilal\u00bb, para confirmar su traspaso del Par\u00eds Saint-Germain al equipo de la Saudi League. La prensa brasile\u00f1a hab\u00eda publicado en la v\u00edspera que Al Hilal hab\u00eda llegado a un acuerdo con PSG para comprar en 100 millones [&hellip;]<\/p>\n","protected":false},"author":2,"featured_media":2632,"comment_status":"open","ping_status":"closed","sticky":false,"template":"","format":"standard","meta":{"_jetpack_memberships_contains_paid_content":false,"footnotes":""},"categories":[7],"tags":[546,86],"class_list":["post-2631","post","type-post","status-publish","format-standard","has-post-thumbnail","hentry","category-futbol-internacional","tag-al-hilal","tag-neymar-jr"],"jetpack_featured_media_url":"https:\/\/radiocresatelital.com\/wp-content\/uploads\/2023\/08\/FRLIVF3JQBHNFJP3A7FAHTMC6M.webp","jetpack_sharing_enabled":true,"_links":{"self":[{"href":"https:\/\/radiocresatelital.com\/index.php?rest_route=\/wp\/v2\/posts\/2631","targetHints":{"allow":["GET"]}}],"collection":[{"href":"https:\/\/radiocresatelital.com\/index.php?rest_route=\/wp\/v2\/posts"}],"about":[{"href":"https:\/\/radiocresatelital.com\/index.php?rest_route=\/wp\/v2\/types\/post"}],"author":[{"embeddable":true,"href":"https:\/\/radiocresatelital.com\/index.php?rest_route=\/wp\/v2\/users\/2"}],"replies":[{"embeddable":true,"href":"https:\/\/radiocresatelital.com\/index.php?rest_route=%2Fwp%2Fv2%2Fcomments&post=2631"}],"version-history":[{"count":1,"href":"https:\/\/radiocresatelital.com\/index.php?rest_route=\/wp\/v2\/posts\/2631\/revisions"}],"predecessor-version":[{"id":2633,"href":"https:\/\/radiocresatelital.com\/index.php?rest_route=\/wp\/v2\/posts\/2631\/revisions\/2633"}],"wp:featuredmedia":[{"embeddable":true,"href":"https:\/\/radiocresatelital.com\/index.php?rest_route=\/wp\/v2\/media\/2632"}],"wp:attachment":[{"href":"https:\/\/radiocresatelital.com\/index.php?rest_route=%2Fwp%2Fv2%2Fmedia&parent=2631"}],"wp:term":[{"taxonomy":"category","embeddable":true,"href":"https:\/\/radiocresatelital.com\/index.php?rest_route=%2Fwp%2Fv2%2Fcategories&post=2631"},{"taxonomy":"post_tag","embeddable":true,"href":"https:\/\/radiocresatelital.com\/index.php?rest_route=%2Fwp%2Fv2%2Ftags&post=2631"}],"curies":[{"name":"wp","href":"https:\/\/api.w.org\/{rel}","templated":true}]}}